{"id":6345,"date":"2018-11-01T15:20:13","date_gmt":"2018-11-01T15:20:13","guid":{"rendered":"https:\/\/cp-rup.com\/?p=6345"},"modified":"2021-03-25T11:49:15","modified_gmt":"2021-03-25T11:49:15","slug":"europe-doit-ameliorer-ladequation-des-rup","status":"publish","type":"post","link":"https:\/\/www.cp-rup.com\/fr\/europe-doit-ameliorer-ladequation-des-rup\/","title":{"rendered":"Europe doit am\u00e9liorer l&rsquo;ad\u00e9quation des RUP"},"content":{"rendered":"<p>01\/11\/2018<\/p>\n<p>Le Pr\u00e9sident des \u00eeles Canaries, Fernando Clavijo, a soulign\u00e9 jeudi l&rsquo;importance du travail politique en 2018 dans le but de renforcer le r\u00f4le des r\u00e9gions ultrap\u00e9riph\u00e9riques (RUP) de l&rsquo;Union europ\u00e9enne (UE). \u00c0 cet \u00e9gard, le pr\u00e9sident des Canaries a soulign\u00e9 que 2018 sera une \u00ab ann\u00e9e cl\u00e9\u00bb pour parvenir \u00e0 \u00abrenforcer le r\u00f4le des neuf r\u00e9gions ultrap\u00e9riph\u00e9riques en Europe\u00bb.<\/p>\n<p>Clavijo, pr\u00e9sident en exercice depuis octobre dernier de la Conf\u00e9rence des Pr\u00e9sidents des RUP, est intervenu aujourd&rsquo;hui lors d&rsquo;un petit d\u00e9jeuner de travail au si\u00e8ge de la Pr\u00e9sidence \u00e0 Santa Cruz de Tenerife. \u00ab Dans le contexte actuel \u00bb, a d\u00e9clar\u00e9 le chef de l&rsquo;ex\u00e9cutif canarien, \u00ab avec une immersion dans un processus d\u00e9riv\u00e9 de nouveaux d\u00e9fis tels que Brexit, les d\u00e9fis environnementaux et les changements climatiques se change en Europe et le d\u00e9fi de la gestion de flux migrateur, il est essentiel de coordonner les efforts entre les RUP pour d\u00e9fendre notre ajustement dans le contexte politique, \u00e9conomique et social de tous les pays qui composent l&rsquo;UE \u00bb.<\/p>\n","protected":false},"excerpt":{"rendered":"<p>01\/11\/2018 Le Pr\u00e9sident des \u00eeles Canaries, Fernando Clavijo, a soulign\u00e9 jeudi l&rsquo;importance du travail politique en 2018 dans le but de renforcer le r\u00f4le des r\u00e9gions ultrap\u00e9riph\u00e9riques (RUP) de l&rsquo;Union europ\u00e9enne (UE). \u00c0 cet \u00e9gard, le pr\u00e9sident des Canaries a soulign\u00e9 que 2018 sera une \u00ab ann\u00e9e cl\u00e9\u00bb pour parvenir \u00e0 \u00abrenforcer le r\u00f4le des [&hellip;]<\/p>\n","protected":false},"author":37,"featured_media":1045,"comment_status":"open","ping_status":"open","sticky":false,"template":"","format":"standard","meta":{"_acf_changed":false,"footnotes":"","_links_to":"","_links_to_target":""},"categories":[223],"tags":[],"class_list":["post-6345","post","type-post","status-publish","format-standard","has-post-thumbnail","hentry","category-sin-categoria-fr"],"acf":[],"_links":{"self":[{"href":"https:\/\/www.cp-rup.com\/fr\/wp-json\/wp\/v2\/posts\/6345","targetHints":{"allow":["GET"]}}],"collection":[{"href":"https:\/\/www.cp-rup.com\/fr\/wp-json\/wp\/v2\/posts"}],"about":[{"href":"https:\/\/www.cp-rup.com\/fr\/wp-json\/wp\/v2\/types\/post"}],"author":[{"embeddable":true,"href":"https:\/\/www.cp-rup.com\/fr\/wp-json\/wp\/v2\/users\/37"}],"replies":[{"embeddable":true,"href":"https:\/\/www.cp-rup.com\/fr\/wp-json\/wp\/v2\/comments?post=6345"}],"version-history":[{"count":1,"href":"https:\/\/www.cp-rup.com\/fr\/wp-json\/wp\/v2\/posts\/6345\/revisions"}],"predecessor-version":[{"id":6346,"href":"https:\/\/www.cp-rup.com\/fr\/wp-json\/wp\/v2\/posts\/6345\/revisions\/6346"}],"wp:featuredmedia":[{"embeddable":true,"href":"https:\/\/www.cp-rup.com\/fr\/wp-json\/wp\/v2\/media\/1045"}],"wp:attachment":[{"href":"https:\/\/www.cp-rup.com\/fr\/wp-json\/wp\/v2\/media?parent=6345"}],"wp:term":[{"taxonomy":"category","embeddable":true,"href":"https:\/\/www.cp-rup.com\/fr\/wp-json\/wp\/v2\/categories?post=6345"},{"taxonomy":"post_tag","embeddable":true,"href":"https:\/\/www.cp-rup.com\/fr\/wp-json\/wp\/v2\/tags?post=6345"}],"curies":[{"name":"wp","href":"https:\/\/api.w.org\/{rel}","templated":true}]}}