{"id":6559,"date":"2019-08-28T20:35:42","date_gmt":"2019-08-28T20:35:42","guid":{"rendered":"https:\/\/cp-rup.com\/?p=6559"},"modified":"2021-03-24T20:43:46","modified_gmt":"2021-03-24T20:43:46","slug":"contribution-de-la-conference-des-presidents-des-rup-a-la-consultation-publique-concernant-lensemble-de-mesures-visant-a-moderniser-les-regles-applicables-aux-aides-detat-2012-lig","status":"publish","type":"post","link":"https:\/\/www.cp-rup.com\/fr\/contribution-de-la-conference-des-presidents-des-rup-a-la-consultation-publique-concernant-lensemble-de-mesures-visant-a-moderniser-les-regles-applicables-aux-aides-detat-2012-lig\/","title":{"rendered":"Contribution de la Conf\u00e9rence des Pr\u00e9sidents des RUP \u00e0 la consultation publique concernant l\u2019ensemble de mesures visant \u00e0 moderniser les r\u00e8gles applicables aux aides d\u2019\u00c9tat (2012), lignes directrices sur les chemins de fer et assurance-cr\u00e9dit \u00e0 l\u2019exportation \u00e0 court terme \u2013 bilan de qualit\u00e9"},"content":{"rendered":"<p>La Commission europ\u00e9enne a lanc\u00e9 une consultation publique afin d\u2019effectuer un bilan de qualit\u00e9 de la modernisation des aides d\u2019\u00c9tat, permettant de v\u00e9rifier si les r\u00e8gles ont fonctionn\u00e9 de la fa\u00e7on escompt\u00e9e et si elles sont encore adapt\u00e9es.<\/p>\n<p>En r\u00e9ponse \u00e0 cette consultation, la Conf\u00e9rence a pr\u00e9sent\u00e9 une contribution commune rappelant\u00a0 \u00ab\u00a0<em>la situation sp\u00e9cifique que connaissent ses r\u00e9gions en termes de contraintes permanentes, structurelles et cumul\u00e9es, reconnues \u00e0 l\u2019article 349 du TFUE et qui ont un impact significatif sur leur d\u00e9veloppement \u00e9conomique, social et territorial\u00a0\u00bb.<\/em><\/p>\n<p>Elle y souligne, par ailleurs, l\u2019importance des dispositifs \u00e9conomiques mis en place dans les RUP, lesquels doivent s\u2019inscrire dans une approche sp\u00e9cifique et transversale pour soutenir le d\u00e9veloppement \u00e9conomique, la comp\u00e9titivit\u00e9 et la cr\u00e9ation d\u2019emploi.<\/p>\n<p>Le document est disponible dans notre biblioth\u00e8que.<\/p>\n","protected":false},"excerpt":{"rendered":"<p>La Commission europ\u00e9enne a lanc\u00e9 une consultation publique afin d\u2019effectuer un bilan de qualit\u00e9 de la modernisation des aides d\u2019\u00c9tat, permettant de v\u00e9rifier si les r\u00e8gles ont fonctionn\u00e9 de la fa\u00e7on escompt\u00e9e et si elles sont encore adapt\u00e9es. En r\u00e9ponse \u00e0 cette consultation, la Conf\u00e9rence a pr\u00e9sent\u00e9 une contribution commune rappelant\u00a0 \u00ab\u00a0la situation sp\u00e9cifique que [&hellip;]<\/p>\n","protected":false},"author":37,"featured_media":6557,"comment_status":"open","ping_status":"open","sticky":false,"template":"","format":"standard","meta":{"_acf_changed":false,"footnotes":"","_links_to":"","_links_to_target":""},"categories":[223],"tags":[],"class_list":["post-6559","post","type-post","status-publish","format-standard","has-post-thumbnail","hentry","category-sin-categoria-fr"],"acf":[],"_links":{"self":[{"href":"https:\/\/www.cp-rup.com\/fr\/wp-json\/wp\/v2\/posts\/6559","targetHints":{"allow":["GET"]}}],"collection":[{"href":"https:\/\/www.cp-rup.com\/fr\/wp-json\/wp\/v2\/posts"}],"about":[{"href":"https:\/\/www.cp-rup.com\/fr\/wp-json\/wp\/v2\/types\/post"}],"author":[{"embeddable":true,"href":"https:\/\/www.cp-rup.com\/fr\/wp-json\/wp\/v2\/users\/37"}],"replies":[{"embeddable":true,"href":"https:\/\/www.cp-rup.com\/fr\/wp-json\/wp\/v2\/comments?post=6559"}],"version-history":[{"count":1,"href":"https:\/\/www.cp-rup.com\/fr\/wp-json\/wp\/v2\/posts\/6559\/revisions"}],"predecessor-version":[{"id":6560,"href":"https:\/\/www.cp-rup.com\/fr\/wp-json\/wp\/v2\/posts\/6559\/revisions\/6560"}],"wp:featuredmedia":[{"embeddable":true,"href":"https:\/\/www.cp-rup.com\/fr\/wp-json\/wp\/v2\/media\/6557"}],"wp:attachment":[{"href":"https:\/\/www.cp-rup.com\/fr\/wp-json\/wp\/v2\/media?parent=6559"}],"wp:term":[{"taxonomy":"category","embeddable":true,"href":"https:\/\/www.cp-rup.com\/fr\/wp-json\/wp\/v2\/categories?post=6559"},{"taxonomy":"post_tag","embeddable":true,"href":"https:\/\/www.cp-rup.com\/fr\/wp-json\/wp\/v2\/tags?post=6559"}],"curies":[{"name":"wp","href":"https:\/\/api.w.org\/{rel}","templated":true}]}}