{"id":7078,"date":"2021-05-05T15:17:18","date_gmt":"2021-05-05T15:17:18","guid":{"rendered":"https:\/\/cp-rup.com\/?p=7078"},"modified":"2021-05-12T12:33:52","modified_gmt":"2021-05-12T12:33:52","slug":"la-conference-des-presidents-des-rup-obtient-un-accord-sur-une-revision-de-la-strategie-pour-les-regions-ultraperipheriques-en-2022","status":"publish","type":"post","link":"https:\/\/www.cp-rup.com\/fr\/la-conference-des-presidents-des-rup-obtient-un-accord-sur-une-revision-de-la-strategie-pour-les-regions-ultraperipheriques-en-2022\/","title":{"rendered":"La Conf\u00e9rence des Pr\u00e9sidents des RUP obtient un accord sur une r\u00e9vision de la strat\u00e9gie pour les r\u00e9gions ultrap\u00e9riph\u00e9riques en 2022"},"content":{"rendered":"<p>04 mai 2021<\/p>\n<p>Le Pr\u00e9sident de la CPRUP, Pr\u00e9sident du gouvernement r\u00e9gional des A\u00e7ores, Jos\u00e9 Manuel Bolieiro, a pr\u00e9sid\u00e9 aujourd&rsquo;hui, \u00e0 Ponta Delgada, la r\u00e9union \u00e0 mi-parcours de la Conf\u00e9rence des Pr\u00e9sidents des R\u00e9gions Ultrap\u00e9riph\u00e9riques (CPRUP), qui s&rsquo;est tenue par vid\u00e9oconf\u00e9rence.<\/p>\n<p>Les Pr\u00e9sidents des RUP ont, ainsi, adopt\u00e9 une d\u00e9claration politique en amont du Conseil Affaires g\u00e9n\u00e9rales du 17 mai prochain. Cette d\u00e9claration met l\u2019accent sur le renouvellement et l\u2019actualisation de la strat\u00e9gie de la Commission europ\u00e9enne en faveur des RUP\u00a0au regard, notamment, des impacts \u00e9conomiques et sociales de la crise sanitaire actuelle.<\/p>\n<p>Elle souligne que \u00ab\u00a0la vuln\u00e9rabilit\u00e9 des RUP, reconnue par l\u2019article 349 du TFUE, a \u00e9t\u00e9 aggrav\u00e9e par la pand\u00e9mie de la COVID-19&Prime;, ce qui compromet \u00a0\u00bb le d\u00e9veloppement socio-\u00e9conomique de ces r\u00e9gions\u00a0\u00bb.<\/p>\n<p>\u201cCette crise sanitaire a de graves cons\u00e9quences sur les secteurs \u00e9conomiques, notamment les secteurs du tourisme, de l\u2019\u00e9v\u00e8nementiel et de la culture particuli\u00e8rement fragilis\u00e9s et expos\u00e9s aux incertitudes quant \u00e0 l\u2019avenir de leurs activit\u00e9s. La reprise s\u2019annonce d\u2019ores et d\u00e9j\u00e0 plus difficile et plus longue dans les RUP en raison des contraintes structurelles de leurs march\u00e9s\u201d, peut-on lire dans le texte adopt\u00e9 aujourd&rsquo;hui.<\/p>\n<p>La D\u00e9claration a \u00e9t\u00e9 pr\u00e9sent\u00e9e \u00e0 la Commission Europ\u00e9enne et \u00e0 la pr\u00e9sidence portugaise du Conseil, avec la participation des Secr\u00e9taires d\u2019\u00c9tat aux affaires europ\u00e9ennes de l\u2019Espagne et de la France, lors d\u2019une s\u00e9ance sp\u00e9cifique.<\/p>\n<p>La Commissaire Elisa FERREIRA a r\u00e9pondu positivement \u00e0 la requ\u00eate des Pr\u00e9sidents des RUP en s\u2019engageant \u00e0 faire \u00e9voluer la strat\u00e9gie europ\u00e9enne de l&rsquo;ultrap\u00e9riph\u00e9rie en association avec les r\u00e9gions et les Etats, et a annonc\u00e9 l&rsquo;adoption d&rsquo;une nouvelle communication par la Commission europ\u00e9enne en 2022, co\u00efncidant ainsi avec la pr\u00e9sidence fran\u00e7aise du Conseil et la pr\u00e9sidence martiniquaise de la Conf\u00e9rence des Pr\u00e9sidents des RUP.<\/p>\n<p>Elle s\u2019est \u00e9galement f\u00e9licit\u00e9e de l\u2019organisation d\u2019un d\u00e9bat sur les potentialit\u00e9s des RUP lors du Conseil Affaires g\u00e9n\u00e9rales du 17 mai prochain, \u00e0 l\u2019initiative de la pr\u00e9sidence portugaise, qui permettra de r\u00e9fl\u00e9chir d\u2019ores et d\u00e9j\u00e0 aux opportunit\u00e9s des RUP pour l\u2019avenir.<\/p>\n<p>De son c\u00f4t\u00e9, la Secr\u00e9taire d&rsquo;Etat Ana Paula ZACARIAS, repr\u00e9sentante de la pr\u00e9sidence portugaise du Conseil, a indiqu\u00e9 qu\u2019elle entendait valoriser, aux c\u00f4t\u00e9s de ses homologues de la France et de l&rsquo;Espagne, les r\u00e9gions ultrap\u00e9riph\u00e9riques lors de cette r\u00e9union mais aussi dans le cadre de la Conf\u00e9rence sur l&rsquo;avenir de l&rsquo;UE qui sera lanc\u00e9e le 9 mai.<\/p>\n<p>\u00ab\u00a0Les enjeux et les opportunit\u00e9s que repr\u00e9sentent les RUP pour l&rsquo;Europe et le monde\u00a0\u00bb ont \u00e9galement \u00e9t\u00e9 soulign\u00e9s, lors de la cl\u00f4ture des travaux, par Jos\u00e9 Manuel Bolieiro, qui a r\u00e9it\u00e9r\u00e9 la volont\u00e9 d&rsquo;acc\u00e9l\u00e9rer le processus de vaccination contre la COVID-19 pour que les A\u00e7ores puissent accueillir la future Conf\u00e9rence des Pr\u00e9sidents des RUP en pr\u00e9sentiel.<\/p>\n<p>Les A\u00e7ores assurent la pr\u00e9sidence de la Conf\u00e9rence pour un an, de novembre 2020 \u00e0 novembre 2021, date \u00e0 laquelle se tiendra la XXVIe Conf\u00e9rence annuelle et o\u00f9 la Martinique d\u00e9butera son mandat.<\/p>\n","protected":false},"excerpt":{"rendered":"<p>04 mai 2021 Le Pr\u00e9sident de la CPRUP, Pr\u00e9sident du gouvernement r\u00e9gional des A\u00e7ores, Jos\u00e9 Manuel Bolieiro, a pr\u00e9sid\u00e9 aujourd&rsquo;hui, \u00e0 Ponta Delgada, la r\u00e9union \u00e0 mi-parcours de la Conf\u00e9rence des Pr\u00e9sidents des R\u00e9gions Ultrap\u00e9riph\u00e9riques (CPRUP), qui s&rsquo;est tenue par vid\u00e9oconf\u00e9rence. Les Pr\u00e9sidents des RUP ont, ainsi, adopt\u00e9 une d\u00e9claration politique en amont du Conseil [&hellip;]<\/p>\n","protected":false},"author":37,"featured_media":7079,"comment_status":"open","ping_status":"open","sticky":false,"template":"","format":"standard","meta":{"_acf_changed":false,"footnotes":"","_links_to":"","_links_to_target":""},"categories":[223],"tags":[],"class_list":["post-7078","post","type-post","status-publish","format-standard","has-post-thumbnail","hentry","category-sin-categoria-fr"],"acf":[],"_links":{"self":[{"href":"https:\/\/www.cp-rup.com\/fr\/wp-json\/wp\/v2\/posts\/7078","targetHints":{"allow":["GET"]}}],"collection":[{"href":"https:\/\/www.cp-rup.com\/fr\/wp-json\/wp\/v2\/posts"}],"about":[{"href":"https:\/\/www.cp-rup.com\/fr\/wp-json\/wp\/v2\/types\/post"}],"author":[{"embeddable":true,"href":"https:\/\/www.cp-rup.com\/fr\/wp-json\/wp\/v2\/users\/37"}],"replies":[{"embeddable":true,"href":"https:\/\/www.cp-rup.com\/fr\/wp-json\/wp\/v2\/comments?post=7078"}],"version-history":[{"count":2,"href":"https:\/\/www.cp-rup.com\/fr\/wp-json\/wp\/v2\/posts\/7078\/revisions"}],"predecessor-version":[{"id":7110,"href":"https:\/\/www.cp-rup.com\/fr\/wp-json\/wp\/v2\/posts\/7078\/revisions\/7110"}],"wp:featuredmedia":[{"embeddable":true,"href":"https:\/\/www.cp-rup.com\/fr\/wp-json\/wp\/v2\/media\/7079"}],"wp:attachment":[{"href":"https:\/\/www.cp-rup.com\/fr\/wp-json\/wp\/v2\/media?parent=7078"}],"wp:term":[{"taxonomy":"category","embeddable":true,"href":"https:\/\/www.cp-rup.com\/fr\/wp-json\/wp\/v2\/categories?post=7078"},{"taxonomy":"post_tag","embeddable":true,"href":"https:\/\/www.cp-rup.com\/fr\/wp-json\/wp\/v2\/tags?post=7078"}],"curies":[{"name":"wp","href":"https:\/\/api.w.org\/{rel}","templated":true}]}}