{"id":7189,"date":"2021-05-28T15:20:32","date_gmt":"2021-05-28T15:20:32","guid":{"rendered":"https:\/\/cp-rup.com\/?p=7189"},"modified":"2021-06-02T15:21:24","modified_gmt":"2021-06-02T15:21:24","slug":"la-declaration-des-acores-et-le-renforcement-de-la-voix-des-regions-ultraperipheriques-des-pouvoirs-regionaux-et-locaux-dans-les-choix-qui-determineront-lavenir","status":"publish","type":"post","link":"https:\/\/www.cp-rup.com\/fr\/la-declaration-des-acores-et-le-renforcement-de-la-voix-des-regions-ultraperipheriques-des-pouvoirs-regionaux-et-locaux-dans-les-choix-qui-determineront-lavenir\/","title":{"rendered":"La D\u00e9claration des A\u00e7ores et le renforcement de la voix des R\u00e9gions ultrap\u00e9riph\u00e9riques, des pouvoirs r\u00e9gionaux et locaux dans les choix qui d\u00e9termineront l&rsquo;avenir."},"content":{"rendered":"<h4><strong>Ponta Delgada, 28 mai 2021<\/strong><\/h4>\n<p>&nbsp;<\/p>\n<p>Le 28 mai 2021, le Comit\u00e9 des R\u00e9gions a adopt\u00e9 la \u00abD\u00e9claration des A\u00e7ores\u00bb intitul\u00e9e \u00ab\u00a0Combattre les effets de la pand\u00e9mie de COVID-19 par un partenariat strat\u00e9gique avec les pouvoirs locaux et r\u00e9gionaux\u00a0\u00bb, lors du Comit\u00e9 politique qui s&rsquo;est tenu virtuellement dans la R\u00e9gion autonome des A\u00e7ores.<\/p>\n<p>Lors de son intervention, le pr\u00e9sident du gouvernement des A\u00e7ores et pr\u00e9sident de la Conf\u00e9rence des Pr\u00e9sidents des R\u00e9gions ultrap\u00e9riph\u00e9riques, Jos\u00e9 Manuel Bolieiro, a d\u00e9clar\u00e9 :<\/p>\n<p>\u00abCette rencontre, symboliquement organis\u00e9e aux A\u00e7ores, intervient \u00e0 un moment particuli\u00e8rement difficile dans la vie des Europ\u00e9ens. Relancer l&rsquo;Europe. Combattre la pand\u00e9mie avec tous les outils \u00e0 notre disposition. Et lier cette relance, par le biais du M\u00e9canisme de relance et de r\u00e9silience, \u00e0 l&rsquo;avenir que nous voulons fa\u00e7onner. Un avenir vert et num\u00e9rique, forg\u00e9 dans le partenariat politique que le principe de subsidiarit\u00e9 impose \u00e0 notre action. J&rsquo;esp\u00e8re que la D\u00e9claration des A\u00e7ores sera prise en compte par les institutions de l&rsquo;UE et par nos \u00c9tats membres, <strong>renfor\u00e7ant ainsi la voix des R\u00e9gions ultrap\u00e9riph\u00e9riques<\/strong> et des pouvoirs r\u00e9gionaux et locaux dans les choix qui d\u00e9termineront l&rsquo;avenir de nos communaut\u00e9s.\u00bb<\/p>\n<p>&nbsp;<\/p>\n<p><strong>Les id\u00e9es cl\u00e9s de la \u00ab\u00a0D\u00e9claration des A\u00e7ores\u00a0\u00bb :<\/strong><\/p>\n<p>Pr\u00e9conise de combattre les effets de la pand\u00e9mie par un partenariat strat\u00e9gique avec les autorit\u00e9s locales et r\u00e9gionales.<\/p>\n<p>Souligne que la strat\u00e9gie de l&rsquo;Union europ\u00e9enne pour faire face \u00e0 l&rsquo;impact socio-\u00e9conomique de la pand\u00e9mie de COVID-19 doit tenir compte des besoins de toutes les r\u00e9gions, \u00e0 commencer par les plus fragiles et les plus touch\u00e9es par la crise. Par cons\u00e9quent, afin de garantir une relance durable dans l&rsquo;UE et de d\u00e9montrer que la coh\u00e9sion est une valeur fondamentale de l&rsquo;Union, <strong>il est essentiel d&rsquo;accorder une attention particuli\u00e8re aux R\u00e9gions ultrap\u00e9riph\u00e9riques<\/strong>.<\/p>\n<p>Se f\u00e9licite de la r\u00e9cente annonce de la Commission europ\u00e9enne selon laquelle elle suivra la recommandation du Comit\u00e9 des R\u00e9gions d&rsquo;adapter la strat\u00e9gie de l&rsquo;UE pour les <strong>R\u00e9gions ultrap\u00e9riph\u00e9riques<\/strong>, \u00e9tant donn\u00e9 les graves cons\u00e9quences de la pand\u00e9mie.<\/p>\n<p>Exhorte les autorit\u00e9s nationales et r\u00e9gionales \u00e0 utiliser les plans de relance comme une opportunit\u00e9 pour relancer leurs \u00e9conomies par une approche intelligente et durable.<\/p>\n<p>Demande \u00e0 la Commission europ\u00e9enne de veiller tout particuli\u00e8rement \u00e0 ce que les \u00c9tats membres associent pleinement les autorit\u00e9s locales et r\u00e9gionales \u00e0 la mise en \u0153uvre des plans nationaux de relance et de r\u00e9silience apr\u00e8s leurs phases de pr\u00e9paration et de pr\u00e9sentation.<\/p>\n","protected":false},"excerpt":{"rendered":"<p>Ponta Delgada, 28 mai 2021 &nbsp; Le 28 mai 2021, le Comit\u00e9 des R\u00e9gions a adopt\u00e9 la \u00abD\u00e9claration des A\u00e7ores\u00bb intitul\u00e9e \u00ab\u00a0Combattre les effets de la pand\u00e9mie de COVID-19 par un partenariat strat\u00e9gique avec les pouvoirs locaux et r\u00e9gionaux\u00a0\u00bb, lors du Comit\u00e9 politique qui s&rsquo;est tenu virtuellement dans la R\u00e9gion autonome des A\u00e7ores. Lors de [&hellip;]<\/p>\n","protected":false},"author":38,"featured_media":0,"comment_status":"open","ping_status":"open","sticky":false,"template":"","format":"standard","meta":{"_acf_changed":false,"footnotes":"","_links_to":"","_links_to_target":""},"categories":[223],"tags":[],"class_list":["post-7189","post","type-post","status-publish","format-standard","hentry","category-sin-categoria-fr"],"acf":[],"_links":{"self":[{"href":"https:\/\/www.cp-rup.com\/fr\/wp-json\/wp\/v2\/posts\/7189","targetHints":{"allow":["GET"]}}],"collection":[{"href":"https:\/\/www.cp-rup.com\/fr\/wp-json\/wp\/v2\/posts"}],"about":[{"href":"https:\/\/www.cp-rup.com\/fr\/wp-json\/wp\/v2\/types\/post"}],"author":[{"embeddable":true,"href":"https:\/\/www.cp-rup.com\/fr\/wp-json\/wp\/v2\/users\/38"}],"replies":[{"embeddable":true,"href":"https:\/\/www.cp-rup.com\/fr\/wp-json\/wp\/v2\/comments?post=7189"}],"version-history":[{"count":1,"href":"https:\/\/www.cp-rup.com\/fr\/wp-json\/wp\/v2\/posts\/7189\/revisions"}],"predecessor-version":[{"id":7190,"href":"https:\/\/www.cp-rup.com\/fr\/wp-json\/wp\/v2\/posts\/7189\/revisions\/7190"}],"wp:attachment":[{"href":"https:\/\/www.cp-rup.com\/fr\/wp-json\/wp\/v2\/media?parent=7189"}],"wp:term":[{"taxonomy":"category","embeddable":true,"href":"https:\/\/www.cp-rup.com\/fr\/wp-json\/wp\/v2\/categories?post=7189"},{"taxonomy":"post_tag","embeddable":true,"href":"https:\/\/www.cp-rup.com\/fr\/wp-json\/wp\/v2\/tags?post=7189"}],"curies":[{"name":"wp","href":"https:\/\/api.w.org\/{rel}","templated":true}]}}