{"id":7233,"date":"2021-07-09T14:46:39","date_gmt":"2021-07-09T14:46:39","guid":{"rendered":"https:\/\/cp-rup.com\/?p=7233"},"modified":"2021-07-23T14:50:08","modified_gmt":"2021-07-23T14:50:08","slug":"la-commission-europeenne-lance-une-consultation-publique-pour-renouveler-le-partenariat-strategique-avec-les-regions-ultraperipheriques-rup","status":"publish","type":"post","link":"https:\/\/www.cp-rup.com\/fr\/la-commission-europeenne-lance-une-consultation-publique-pour-renouveler-le-partenariat-strategique-avec-les-regions-ultraperipheriques-rup\/","title":{"rendered":"LA COMMISSION EUROPEENNE LANCE UNE CONSULTATION PUBLIQUE POUR RENOUVELER LE PARTENARIAT STRATEGIQUE AVEC LES REGIONS ULTRAPERIPHERIQUES (RUP)"},"content":{"rendered":"<h4><strong>Ponta Delgada, le 9 juillet 2021<\/strong><\/h4>\n<p>&nbsp;<\/p>\n<p>Lors de la r\u00e9union \u00e0 mi-parcours de la Conf\u00e9rence des pr\u00e9sidents des RUP, qui s&rsquo;est tenue le 3 mai, sous la pr\u00e9sidence de la R\u00e9gion des A\u00e7ores, les Pr\u00e9sidents des RUP ont adopt\u00e9 une d\u00e9claration politique commune visant \u00e0 donner une impulsion forte au renouvellement de la strat\u00e9gie en faveur des RUP\u00a0; Au cours de cette rencontre politique de haut niveau, avec la participation de la Commissaire europ\u00e9enne charg\u00e9e des r\u00e9formes et de la coh\u00e9sion et de la Secr\u00e9taire d\u2019\u00c9tat aux affaires europ\u00e9ennes en repr\u00e9sentation de la pr\u00e9sidence portugaise du Conseil, la Commissaire Ferreira a annonc\u00e9 que la strat\u00e9gie pour les RUP ferait l\u2019objet d\u2019une r\u00e9vision \u00e0 travers l\u2019adoption d\u2019une nouvelle communication attendue pour 2022.<\/p>\n<p>Dans cette perspective, une <a href=\"https:\/\/ec.europa.eu\/info\/law\/better-regulation\/have-your-say\/initiatives\/13018-Regions-ultraperipheriques-actualisation-du-partenariat-strategique-de-la-Commission-avec-ces-regions_fr\">Consultation Publique<\/a> europ\u00e9enne a \u00e9t\u00e9 lanc\u00e9e et restera ouverte <strong>jusqu\u2019au 4 novembre 2021 (minuit, heure de Bruxelles). <\/strong>Les RUP se distinguent g\u00e9ographiquement et juridiquement des autres r\u00e9gions europ\u00e9ennes. En effet, l\u2019article\u00a0349 du Trait\u00e9 sur le Fonctionnement de l\u2019UE permet l\u2019adoption de mesures sp\u00e9cifiques afin de tenir compte de leurs contraintes et singularit\u00e9s.<\/p>\n<p>Depuis\u00a02004, la Commission europ\u00e9enne a r\u00e9guli\u00e8rement adopt\u00e9, en moyenne tous les\u00a04 \u00e0\u00a05\u00a0ans, une communication afin d\u2019\u00e9tablir et d\u2019adapter les priorit\u00e9s du partenariat avec nos r\u00e9gions. L\u2019objectif est de r\u00e9pondre aux pr\u00e9occupations des RUP dans toutes les politiques de l\u2019UE, en veillant \u00e0 ce que les initiatives strat\u00e9giques, la l\u00e9gislation, les fonds et les programmes pertinents de l\u2019UE soient adapt\u00e9s aux sp\u00e9cificit\u00e9s de nos r\u00e9gions ainsi que de les aider \u00e0 optimiser leurs atouts et \u00e0 favoriser la croissance et la cr\u00e9ation d\u2019emplois.<\/p>\n<p>La <a href=\"https:\/\/ec.europa.eu\/regional_policy\/sources\/policy\/themes\/outermost-regions\/pdf\/rup_2017\/com_rup_partner_fr.pdf\">communication actuelle concernant les r\u00e9gions ultrap\u00e9riph\u00e9riques<\/a> date d\u2019octobre 2017 et s\u2019inscrit \u00e0 la suite du M\u00e9morandum RUP remis par la Conf\u00e9rence des Pr\u00e9sidents des RUP au Pr\u00e9sident de la Commission europ\u00e9enne lors du Forum de l\u2019ultrap\u00e9riph\u00e9rie tenu cette m\u00eame ann\u00e9e.<\/p>\n<p>Cette r\u00e9vision vise \u00e0 adapter cette strat\u00e9gie pour tenir compte de l\u2019impact n\u00e9gatif de la crise de la Covid-19 dans les RUP d\u2019une part, ainsi que des nouvelles priorit\u00e9s de l\u2019UE, \u00e0 savoir la transition num\u00e9rique et \u00e9cologique. La Commission europ\u00e9enne souhaite, en outre, renforcer le dialogue avec les RUP et les soutenir dans l\u2019\u00e9laboration et la mise en \u0153uvre de leurs strat\u00e9gies de d\u00e9veloppement territorial r\u00e9gional.<\/p>\n<p>Les RUP se sont engag\u00e9es \u00e0 travailler conjointement pour fournir \u00e0 la Commission europ\u00e9enne, l\u2019institution \u00ab\u00a0gardienne des trait\u00e9s\u00a0\u00bb, leurs propositions concr\u00e8tes afin qu\u2019elles soient prises en compte.<\/p>\n","protected":false},"excerpt":{"rendered":"<p>Ponta Delgada, le 9 juillet 2021 &nbsp; Lors de la r\u00e9union \u00e0 mi-parcours de la Conf\u00e9rence des pr\u00e9sidents des RUP, qui s&rsquo;est tenue le 3 mai, sous la pr\u00e9sidence de la R\u00e9gion des A\u00e7ores, les Pr\u00e9sidents des RUP ont adopt\u00e9 une d\u00e9claration politique commune visant \u00e0 donner une impulsion forte au renouvellement de la strat\u00e9gie [&hellip;]<\/p>\n","protected":false},"author":38,"featured_media":0,"comment_status":"open","ping_status":"open","sticky":false,"template":"","format":"standard","meta":{"_acf_changed":false,"footnotes":"","_links_to":"","_links_to_target":""},"categories":[223],"tags":[],"class_list":["post-7233","post","type-post","status-publish","format-standard","hentry","category-sin-categoria-fr"],"acf":[],"_links":{"self":[{"href":"https:\/\/www.cp-rup.com\/fr\/wp-json\/wp\/v2\/posts\/7233","targetHints":{"allow":["GET"]}}],"collection":[{"href":"https:\/\/www.cp-rup.com\/fr\/wp-json\/wp\/v2\/posts"}],"about":[{"href":"https:\/\/www.cp-rup.com\/fr\/wp-json\/wp\/v2\/types\/post"}],"author":[{"embeddable":true,"href":"https:\/\/www.cp-rup.com\/fr\/wp-json\/wp\/v2\/users\/38"}],"replies":[{"embeddable":true,"href":"https:\/\/www.cp-rup.com\/fr\/wp-json\/wp\/v2\/comments?post=7233"}],"version-history":[{"count":2,"href":"https:\/\/www.cp-rup.com\/fr\/wp-json\/wp\/v2\/posts\/7233\/revisions"}],"predecessor-version":[{"id":7238,"href":"https:\/\/www.cp-rup.com\/fr\/wp-json\/wp\/v2\/posts\/7233\/revisions\/7238"}],"wp:attachment":[{"href":"https:\/\/www.cp-rup.com\/fr\/wp-json\/wp\/v2\/media?parent=7233"}],"wp:term":[{"taxonomy":"category","embeddable":true,"href":"https:\/\/www.cp-rup.com\/fr\/wp-json\/wp\/v2\/categories?post=7233"},{"taxonomy":"post_tag","embeddable":true,"href":"https:\/\/www.cp-rup.com\/fr\/wp-json\/wp\/v2\/tags?post=7233"}],"curies":[{"name":"wp","href":"https:\/\/api.w.org\/{rel}","templated":true}]}}