{"id":7286,"date":"2021-10-20T15:55:18","date_gmt":"2021-10-20T15:55:18","guid":{"rendered":"https:\/\/cp-rup.com\/?p=7286"},"modified":"2021-10-20T15:57:19","modified_gmt":"2021-10-20T15:57:19","slug":"les-rup-participent-a-la-semaine-europeenne-des-regions-et-des-villes-a-bruxelles","status":"publish","type":"post","link":"https:\/\/www.cp-rup.com\/fr\/les-rup-participent-a-la-semaine-europeenne-des-regions-et-des-villes-a-bruxelles\/","title":{"rendered":"LES RUP PARTICIPENT \u00c0 LA SEMAINE EUROP\u00c9ENNE DES R\u00c9GIONS ET DES VILLES \u00c0 BRUXELLES"},"content":{"rendered":"<p><img loading=\"lazy\" decoding=\"async\" class=\" wp-image-7295 alignleft\" src=\"https:\/\/cp-rup.com\/wp-content\/uploads\/2021\/10\/imagem_ministrodomar-e1634745043649-300x192.png\" alt=\"\" width=\"346\" height=\"221\" srcset=\"https:\/\/www.cp-rup.com\/wp-content\/uploads\/2021\/10\/imagem_ministrodomar-e1634745043649-300x192.png 300w, https:\/\/www.cp-rup.com\/wp-content\/uploads\/2021\/10\/imagem_ministrodomar-e1634745043649-768x491.png 768w, https:\/\/www.cp-rup.com\/wp-content\/uploads\/2021\/10\/imagem_ministrodomar-e1634745043649.png 788w\" sizes=\"auto, (max-width: 346px) 100vw, 346px\" \/><\/p>\n<p>&nbsp;<\/p>\n<p>&nbsp;<\/p>\n<p>&nbsp;<\/p>\n<p>&nbsp;<\/p>\n<p>&nbsp;<\/p>\n<p>Dans le cadre du programme de la 19e Semaine Europ\u00e9enne des R\u00e9gions et des Villes, la Conf\u00e9rence des Pr\u00e9sidents des R\u00e9gions Ultrap\u00e9riph\u00e9riques, en partenariat avec la Commission Europ\u00e9enne (unit\u00e9 RUP de la DG REGIO), un \u00ab\u00a0atelier\u00a0\u00bb intitul\u00e9 \u00ab\u00a0Citoyennet\u00e9 verte et bleue dans les r\u00e9gions ultrap\u00e9riph\u00e9riques de l&rsquo;UE : ouvrir la voie vers un avenir commun\u00a0\u00bb s\u2019est tenu le 13 octobre 2021.<\/p>\n<p><img loading=\"lazy\" decoding=\"async\" class=\"size-medium wp-image-7253 alignleft\" src=\"https:\/\/cp-rup.com\/wp-content\/uploads\/2021\/10\/Sem-Titulo1-1-300x226.png\" alt=\"\" width=\"300\" height=\"226\" srcset=\"https:\/\/www.cp-rup.com\/wp-content\/uploads\/2021\/10\/Sem-Titulo1-1-300x226.png 300w, https:\/\/www.cp-rup.com\/wp-content\/uploads\/2021\/10\/Sem-Titulo1-1-768x578.png 768w, https:\/\/www.cp-rup.com\/wp-content\/uploads\/2021\/10\/Sem-Titulo1-1.png 778w\" sizes=\"auto, (max-width: 300px) 100vw, 300px\" \/><\/p>\n<p>&nbsp;<\/p>\n<p>Cet atelier a permis de discuter et de partager des initiatives pertinentes men\u00e9es par les RUP dans le domaine de la protection des esp\u00e8ces, de la conservation maritime et de l&rsquo;\u00e9ducation \u00e0 l&rsquo;environnement, en mettant l&rsquo;accent sur les jeunes et l&rsquo;\u00e9ducation \u00e0 l&rsquo;environnement, y compris l\u2019\u00e9change de bonnes pratiques des RUP: le projet \u00ab\u00a0SOS Cagarro\u00a0\u00bb dans le cas des A\u00e7ores, le r\u00e9seau PROMAR aux \u00eeles Canaries et le r\u00e9seau d&rsquo;\u00e9ducation \u00e0 l&rsquo;environnement et au d\u00e9veloppement durable \u00e0 Mayotte.<\/p>\n<p>&nbsp;<\/p>\n<p>La Semaine Europ\u00e9enne des R\u00e9gions et des Villes est un \u00e9v\u00e9nement majeur qui se tient annuellement \u00e0 Bruxelles d\u00e9di\u00e9 \u00e0 la Politique de Coh\u00e9sion. Cette initiative de la Commission Europ\u00e9enne et du Comit\u00e9 des R\u00e9gions, s&rsquo;est d\u00e9roul\u00e9e du 11 au 14 octobre sous le th\u00e8me \u201cEnsemble pour la relance\u00a0\u00bb, et a r\u00e9uni cette ann\u00e9e quelque douze mille participants, mille intervenants et trois cents \u00e9v\u00e9nements.<\/p>\n<p><img loading=\"lazy\" decoding=\"async\" class=\"alignright wp-image-7255\" src=\"https:\/\/cp-rup.com\/wp-content\/uploads\/2021\/10\/Sem-Titulo1-2-300x228.png\" alt=\"\" width=\"361\" height=\"275\" srcset=\"https:\/\/www.cp-rup.com\/wp-content\/uploads\/2021\/10\/Sem-Titulo1-2-300x228.png 300w, https:\/\/www.cp-rup.com\/wp-content\/uploads\/2021\/10\/Sem-Titulo1-2-768x583.png 768w, https:\/\/www.cp-rup.com\/wp-content\/uploads\/2021\/10\/Sem-Titulo1-2.png 782w\" sizes=\"auto, (max-width: 361px) 100vw, 361px\" \/><\/p>\n<p><img loading=\"lazy\" decoding=\"async\" class=\"wp-image-7256 alignleft\" src=\"https:\/\/cp-rup.com\/wp-content\/uploads\/2021\/10\/Sem-Titulo1-3-300x198.png\" alt=\"\" width=\"424\" height=\"279\" srcset=\"https:\/\/www.cp-rup.com\/wp-content\/uploads\/2021\/10\/Sem-Titulo1-3-300x198.png 300w, https:\/\/www.cp-rup.com\/wp-content\/uploads\/2021\/10\/Sem-Titulo1-3-768x506.png 768w, https:\/\/www.cp-rup.com\/wp-content\/uploads\/2021\/10\/Sem-Titulo1-3.png 908w\" sizes=\"auto, (max-width: 424px) 100vw, 424px\" \/><\/p>\n<p>&nbsp;<\/p>\n<p>&nbsp;<\/p>\n<p>&nbsp;<\/p>\n<p>&nbsp;<\/p>\n<p>&nbsp;<\/p>\n<p>&nbsp;<\/p>\n<p>&nbsp;<\/p>\n<p>&nbsp;<\/p>\n","protected":false},"excerpt":{"rendered":"<p>&nbsp; &nbsp; &nbsp; &nbsp; &nbsp; Dans le cadre du programme de la 19e Semaine Europ\u00e9enne des R\u00e9gions et des Villes, la Conf\u00e9rence des Pr\u00e9sidents des R\u00e9gions Ultrap\u00e9riph\u00e9riques, en partenariat avec la Commission Europ\u00e9enne (unit\u00e9 RUP de la DG REGIO), un \u00ab\u00a0atelier\u00a0\u00bb intitul\u00e9 \u00ab\u00a0Citoyennet\u00e9 verte et bleue dans les r\u00e9gions ultrap\u00e9riph\u00e9riques de l&rsquo;UE : ouvrir la [&hellip;]<\/p>\n","protected":false},"author":37,"featured_media":7309,"comment_status":"open","ping_status":"open","sticky":false,"template":"","format":"standard","meta":{"_acf_changed":false,"footnotes":"","_links_to":"","_links_to_target":""},"categories":[223],"tags":[],"class_list":["post-7286","post","type-post","status-publish","format-standard","has-post-thumbnail","hentry","category-sin-categoria-fr"],"acf":[],"_links":{"self":[{"href":"https:\/\/www.cp-rup.com\/fr\/wp-json\/wp\/v2\/posts\/7286","targetHints":{"allow":["GET"]}}],"collection":[{"href":"https:\/\/www.cp-rup.com\/fr\/wp-json\/wp\/v2\/posts"}],"about":[{"href":"https:\/\/www.cp-rup.com\/fr\/wp-json\/wp\/v2\/types\/post"}],"author":[{"embeddable":true,"href":"https:\/\/www.cp-rup.com\/fr\/wp-json\/wp\/v2\/users\/37"}],"replies":[{"embeddable":true,"href":"https:\/\/www.cp-rup.com\/fr\/wp-json\/wp\/v2\/comments?post=7286"}],"version-history":[{"count":3,"href":"https:\/\/www.cp-rup.com\/fr\/wp-json\/wp\/v2\/posts\/7286\/revisions"}],"predecessor-version":[{"id":7306,"href":"https:\/\/www.cp-rup.com\/fr\/wp-json\/wp\/v2\/posts\/7286\/revisions\/7306"}],"wp:featuredmedia":[{"embeddable":true,"href":"https:\/\/www.cp-rup.com\/fr\/wp-json\/wp\/v2\/media\/7309"}],"wp:attachment":[{"href":"https:\/\/www.cp-rup.com\/fr\/wp-json\/wp\/v2\/media?parent=7286"}],"wp:term":[{"taxonomy":"category","embeddable":true,"href":"https:\/\/www.cp-rup.com\/fr\/wp-json\/wp\/v2\/categories?post=7286"},{"taxonomy":"post_tag","embeddable":true,"href":"https:\/\/www.cp-rup.com\/fr\/wp-json\/wp\/v2\/tags?post=7286"}],"curies":[{"name":"wp","href":"https:\/\/api.w.org\/{rel}","templated":true}]}}