{"id":7439,"date":"2022-05-19T11:23:02","date_gmt":"2022-05-19T11:23:02","guid":{"rendered":"https:\/\/cp-rup.com\/?p=7439"},"modified":"2022-05-19T11:23:02","modified_gmt":"2022-05-19T11:23:02","slug":"communique-de-presse-de-la-conference-des-presidents-des-rup","status":"publish","type":"post","link":"https:\/\/www.cp-rup.com\/fr\/communique-de-presse-de-la-conference-des-presidents-des-rup\/","title":{"rendered":"Communiqu\u00e9 de Presse de la Conf\u00e9rence des Pr\u00e9sidents des RUP"},"content":{"rendered":"<p>\u00c0 l&rsquo;occasion de la Conf\u00e9rence minist\u00e9rielle des RUP, qui se tient du 17 au 19 mai \u00e0 Fort-de-France, sous la pr\u00e9sidence de la Collectivit\u00e9 Territoriale de la Martinique, la Conf\u00e9rence des Pr\u00e9sidents des RUP a publi\u00e9 un <a href=\"https:\/\/cp-rup.com\/wp-content\/uploads\/2022\/05\/2022-05-17-Communique-de-presse-CPRUP_Mardi-17-mai-2022_FR.pdf\">communiqu\u00e9<\/a> de presse dans lequel elle s&rsquo;exprime sur les orientations de la nouvelle Strat\u00e9gie pour les RUP, et demande \u00e0 la Commission d&rsquo;adopter en urgence de solutions pragmatiques pour ses r\u00e9gions, et d&rsquo;engager les adaptations r\u00e9glementaires conformes aux demandes des RUP.<\/p>\n<p>&nbsp;<\/p>\n","protected":false},"excerpt":{"rendered":"<p>\u00c0 l&rsquo;occasion de la Conf\u00e9rence minist\u00e9rielle des RUP, qui se tient du 17 au 19 mai \u00e0 Fort-de-France, sous la pr\u00e9sidence de la Collectivit\u00e9 Territoriale de la Martinique, la Conf\u00e9rence des Pr\u00e9sidents des RUP a publi\u00e9 un communiqu\u00e9 de presse dans lequel elle s&rsquo;exprime sur les orientations de la nouvelle Strat\u00e9gie pour les RUP, et [&hellip;]<\/p>\n","protected":false},"author":22,"featured_media":7443,"comment_status":"open","ping_status":"open","sticky":false,"template":"","format":"standard","meta":{"_acf_changed":false,"footnotes":"","_links_to":"","_links_to_target":""},"categories":[223],"tags":[],"class_list":["post-7439","post","type-post","status-publish","format-standard","has-post-thumbnail","hentry","category-sin-categoria-fr"],"acf":[],"_links":{"self":[{"href":"https:\/\/www.cp-rup.com\/fr\/wp-json\/wp\/v2\/posts\/7439","targetHints":{"allow":["GET"]}}],"collection":[{"href":"https:\/\/www.cp-rup.com\/fr\/wp-json\/wp\/v2\/posts"}],"about":[{"href":"https:\/\/www.cp-rup.com\/fr\/wp-json\/wp\/v2\/types\/post"}],"author":[{"embeddable":true,"href":"https:\/\/www.cp-rup.com\/fr\/wp-json\/wp\/v2\/users\/22"}],"replies":[{"embeddable":true,"href":"https:\/\/www.cp-rup.com\/fr\/wp-json\/wp\/v2\/comments?post=7439"}],"version-history":[{"count":2,"href":"https:\/\/www.cp-rup.com\/fr\/wp-json\/wp\/v2\/posts\/7439\/revisions"}],"predecessor-version":[{"id":7446,"href":"https:\/\/www.cp-rup.com\/fr\/wp-json\/wp\/v2\/posts\/7439\/revisions\/7446"}],"wp:featuredmedia":[{"embeddable":true,"href":"https:\/\/www.cp-rup.com\/fr\/wp-json\/wp\/v2\/media\/7443"}],"wp:attachment":[{"href":"https:\/\/www.cp-rup.com\/fr\/wp-json\/wp\/v2\/media?parent=7439"}],"wp:term":[{"taxonomy":"category","embeddable":true,"href":"https:\/\/www.cp-rup.com\/fr\/wp-json\/wp\/v2\/categories?post=7439"},{"taxonomy":"post_tag","embeddable":true,"href":"https:\/\/www.cp-rup.com\/fr\/wp-json\/wp\/v2\/tags?post=7439"}],"curies":[{"name":"wp","href":"https:\/\/api.w.org\/{rel}","templated":true}]}}