{"id":8078,"date":"2023-01-31T10:20:56","date_gmt":"2023-01-31T10:20:56","guid":{"rendered":"https:\/\/cp-rup.com\/?p=8078"},"modified":"2023-01-31T10:20:56","modified_gmt":"2023-01-31T10:20:56","slug":"le-directeur-general-des-affaires-europeennes-du-gouvernement-des-canaries-se-reunit-avec-lunite-rup-de-la-commission-europeenne","status":"publish","type":"post","link":"https:\/\/www.cp-rup.com\/fr\/le-directeur-general-des-affaires-europeennes-du-gouvernement-des-canaries-se-reunit-avec-lunite-rup-de-la-commission-europeenne\/","title":{"rendered":"Le Directeur G\u00e9n\u00e9ral des Affaires Europ\u00e9ennes du Gouvernement des Canaries se r\u00e9unit avec l&rsquo;Unit\u00e9 RUP de la Commission europ\u00e9enne"},"content":{"rendered":"<p>Le Directeur G\u00e9n\u00e9ral des Affaires Europ\u00e9ennes du Gouvernement des Canaries, Juli\u00e1n Zafra, a tenu une r\u00e9union avec l&rsquo;unit\u00e9 RUP de la DG REGIO de la Commission europ\u00e9enne le matin du 31 janvier, \u00e0 laquelle ont \u00e9galement particip\u00e9 des membres de la D\u00e9l\u00e9gation du Gouvernement des Canaries \u00e0 Bruxelles. Le but de ce rencontre \u00e9tait d&rsquo;aborder la coordination de la pr\u00e9sidence actuelle de la Conf\u00e9rence des Pr\u00e9sidents des R\u00e9gions Ultrap\u00e9riph\u00e9riques, que les Canaries assurent depuis novembre 2022, ainsi que l&rsquo;organisation des diff\u00e9rentes initiatives et \u00e9venements qui seront organis\u00e9s au long de cette ann\u00e9e dans le cadre de la pr\u00e9sidence canarienne.<\/p>\n","protected":false},"excerpt":{"rendered":"<p>Le Directeur G\u00e9n\u00e9ral des Affaires Europ\u00e9ennes du Gouvernement des Canaries, Juli\u00e1n Zafra, a tenu une r\u00e9union avec l&rsquo;unit\u00e9 RUP de la DG REGIO de la Commission europ\u00e9enne le matin du 31 janvier, \u00e0 laquelle ont \u00e9galement particip\u00e9 des membres de la D\u00e9l\u00e9gation du Gouvernement des Canaries \u00e0 Bruxelles. Le but de ce rencontre \u00e9tait d&rsquo;aborder [&hellip;]<\/p>\n","protected":false},"author":22,"featured_media":8075,"comment_status":"closed","ping_status":"closed","sticky":false,"template":"","format":"standard","meta":{"_acf_changed":false,"footnotes":"","_links_to":"","_links_to_target":""},"categories":[223],"tags":[],"class_list":["post-8078","post","type-post","status-publish","format-standard","has-post-thumbnail","hentry","category-sin-categoria-fr"],"acf":[],"_links":{"self":[{"href":"https:\/\/www.cp-rup.com\/fr\/wp-json\/wp\/v2\/posts\/8078","targetHints":{"allow":["GET"]}}],"collection":[{"href":"https:\/\/www.cp-rup.com\/fr\/wp-json\/wp\/v2\/posts"}],"about":[{"href":"https:\/\/www.cp-rup.com\/fr\/wp-json\/wp\/v2\/types\/post"}],"author":[{"embeddable":true,"href":"https:\/\/www.cp-rup.com\/fr\/wp-json\/wp\/v2\/users\/22"}],"replies":[{"embeddable":true,"href":"https:\/\/www.cp-rup.com\/fr\/wp-json\/wp\/v2\/comments?post=8078"}],"version-history":[{"count":2,"href":"https:\/\/www.cp-rup.com\/fr\/wp-json\/wp\/v2\/posts\/8078\/revisions"}],"predecessor-version":[{"id":8080,"href":"https:\/\/www.cp-rup.com\/fr\/wp-json\/wp\/v2\/posts\/8078\/revisions\/8080"}],"wp:featuredmedia":[{"embeddable":true,"href":"https:\/\/www.cp-rup.com\/fr\/wp-json\/wp\/v2\/media\/8075"}],"wp:attachment":[{"href":"https:\/\/www.cp-rup.com\/fr\/wp-json\/wp\/v2\/media?parent=8078"}],"wp:term":[{"taxonomy":"category","embeddable":true,"href":"https:\/\/www.cp-rup.com\/fr\/wp-json\/wp\/v2\/categories?post=8078"},{"taxonomy":"post_tag","embeddable":true,"href":"https:\/\/www.cp-rup.com\/fr\/wp-json\/wp\/v2\/tags?post=8078"}],"curies":[{"name":"wp","href":"https:\/\/api.w.org\/{rel}","templated":true}]}}