{"id":8250,"date":"2023-03-07T13:55:30","date_gmt":"2023-03-07T13:55:30","guid":{"rendered":"https:\/\/cp-rup.com\/?p=8250"},"modified":"2023-03-08T19:52:36","modified_gmt":"2023-03-08T19:52:36","slug":"dialogue-avec-les-citoyens-aux-iles-canaries-avec-la-directrice-hencsey-de-la-commission-europeenne","status":"publish","type":"post","link":"https:\/\/www.cp-rup.com\/fr\/dialogue-avec-les-citoyens-aux-iles-canaries-avec-la-directrice-hencsey-de-la-commission-europeenne\/","title":{"rendered":"\u2018Dialogue avec les citoyens\u2019 aux \u00eeles Canaries, avec la Directrice HENCSEY de la Commission europ\u00e9enne"},"content":{"rendered":"<p>Le pr\u00e9sident du Gouvernement des \u00eeles Canaries et pr\u00e9sident de la Conf\u00e9rence des Pr\u00e9sidents des R\u00e9gions Ultrap\u00e9riph\u00e9riques (RUP), \u00c1ngel V\u00edctor TORRES, en collaboration avec la directrice de la Commission europ\u00e9enne charg\u00e9e des RUP, Monika HENCSEY, ont organis\u00e9 un \u00ab Dialogue avec les citoyens \u00bb le 6 mars \u00e0 Santa Cruz de Tenerife, Canaries,\u00a0 en vue de pr\u00e9senter la vision de la Commission sur la mise en \u0153uvre de la strat\u00e9gie de l\u2019UE pour les RUP.<\/p>\n<p>Des repr\u00e9sentants et des membres des institutions canariennes, telles que le parlement r\u00e9gional, les conseils insulaires, les conseils municipaux, les universit\u00e9s, les chambres de commerce, les conf\u00e9d\u00e9rations patronales, les conf\u00e9d\u00e9rations syndicales, les organisations du troisi\u00e8me secteur et des experts dans divers domaines tels que les nouvelles technologies, l&rsquo;innovation, les transports, l&rsquo;\u00e9nergie, les urgences, entre autres, ont particip\u00e9 \u00e0 cet \u00e9v\u00e9nement.<\/p>\n<p>La r\u00e9union a \u00e9t\u00e9 divis\u00e9e en parties th\u00e9matiques diff\u00e9rentes, chacune portant sur la r\u00e9ponse de l&rsquo;UE aux r\u00e9gions ultrap\u00e9riph\u00e9riques concernant la transition durable (num\u00e9risation, environnement, tourisme, \u00e9conomie verte et \u00e9conomie bleue), les droits sociaux (politiques de soin, \u00e9ducation, emploi, formation et migration) et la souverainet\u00e9 strat\u00e9gique (alimentation, industrie et \u00e9nergie).<\/p>\n<p>Cette session a permis la cr\u00e9ation d\u2019un espace de d\u00e9bat et de compr\u00e9hension mutuelle des d\u00e9fis auxquels les r\u00e9gions ultrap\u00e9riph\u00e9riques de l\u2019UE sont confront\u00e9es en vue d\u2019atteindre leur plein d\u00e9veloppement \u00e9conomique et social et du potentiel que ces r\u00e9gions peuvent offrir \u00e0 l\u2019ensemble de l&rsquo;Union europ\u00e9enne.<\/p>\n<p>En m\u00eame temps, cela a \u00e9t\u00e9 une grande opportunit\u00e9 pour les citoyens de l&rsquo;archipel de participer et d&rsquo;exprimer leurs opinions, leur permettant de r\u00e9fl\u00e9chir sur le r\u00e9gime sp\u00e9cial d&rsquo;int\u00e9gration des \u00eeles Canaries dans l&rsquo;UE et sur leurs principales pr\u00e9occupations et attentes.<\/p>\n<div id=\"metaslider-id-8268\" style=\"max-width: 1200px;\" class=\"ml-slider-3-20-3 metaslider metaslider-flex metaslider-8268 ml-slider\">\n    <div id=\"metaslider_container_8268\">\n        <div id=\"metaslider_8268\">\n            <ul aria-live=\"polite\" class=\"slides\">\n                <li style=\"display: block; width: 100%;\" class=\"slide-8275 ms-image\"><img loading=\"lazy\" decoding=\"async\" src=\"https:\/\/www.cp-rup.com\/wp-content\/uploads\/2023\/03\/230206_DIALOGOS_CIUDADANOS_GOBCAN_TC__-05-1200x400-1.jpg\" height=\"400\" width=\"1200\" alt=\"\" class=\"slider-8268 slide-8275\" title=\"230206_DIALOGOS_CIUDADANOS_GOBCAN_TC__-05-1200x400\" \/><\/li>\n                <li style=\"display: none; width: 100%;\" class=\"slide-8276 ms-image\"><img loading=\"lazy\" decoding=\"async\" src=\"https:\/\/www.cp-rup.com\/wp-content\/uploads\/2023\/03\/230206_DIALOGOS_CIUDADANOS_GOBCAN_TC__-16-1200x400-1.jpg\" height=\"400\" width=\"1200\" alt=\"\" class=\"slider-8268 slide-8276\" title=\"230206_DIALOGOS_CIUDADANOS_GOBCAN_TC__-16-1200x400\" \/><\/li>\n                <li style=\"display: none; width: 100%;\" class=\"slide-8277 ms-image\"><img loading=\"lazy\" decoding=\"async\" src=\"https:\/\/www.cp-rup.com\/wp-content\/uploads\/2023\/03\/230206_DIALOGOS_CIUDADANOS_GOBCAN_TC__-14-1200x400-1.jpg\" height=\"400\" width=\"1200\" alt=\"\" class=\"slider-8268 slide-8277\" title=\"230206_DIALOGOS_CIUDADANOS_GOBCAN_TC__-14-1200x400\" \/><\/li>\n            <\/ul>\n        <\/div>\n        \n    <\/div>\n<\/div>\n","protected":false},"excerpt":{"rendered":"<p>Le pr\u00e9sident du Gouvernement des \u00eeles Canaries et pr\u00e9sident de la Conf\u00e9rence des Pr\u00e9sidents des R\u00e9gions Ultrap\u00e9riph\u00e9riques (RUP), \u00c1ngel V\u00edctor TORRES, en collaboration avec la directrice de la Commission europ\u00e9enne charg\u00e9e des RUP, Monika HENCSEY, ont organis\u00e9 un \u00ab Dialogue avec les citoyens \u00bb le 6 mars \u00e0 Santa Cruz de Tenerife, Canaries,\u00a0 en vue [&hellip;]<\/p>\n","protected":false},"author":37,"featured_media":8259,"comment_status":"closed","ping_status":"closed","sticky":false,"template":"","format":"standard","meta":{"_acf_changed":false,"footnotes":"","_links_to":"","_links_to_target":""},"categories":[223],"tags":[],"class_list":["post-8250","post","type-post","status-publish","format-standard","has-post-thumbnail","hentry","category-sin-categoria-fr"],"acf":[],"_links":{"self":[{"href":"https:\/\/www.cp-rup.com\/fr\/wp-json\/wp\/v2\/posts\/8250","targetHints":{"allow":["GET"]}}],"collection":[{"href":"https:\/\/www.cp-rup.com\/fr\/wp-json\/wp\/v2\/posts"}],"about":[{"href":"https:\/\/www.cp-rup.com\/fr\/wp-json\/wp\/v2\/types\/post"}],"author":[{"embeddable":true,"href":"https:\/\/www.cp-rup.com\/fr\/wp-json\/wp\/v2\/users\/37"}],"replies":[{"embeddable":true,"href":"https:\/\/www.cp-rup.com\/fr\/wp-json\/wp\/v2\/comments?post=8250"}],"version-history":[{"count":5,"href":"https:\/\/www.cp-rup.com\/fr\/wp-json\/wp\/v2\/posts\/8250\/revisions"}],"predecessor-version":[{"id":8341,"href":"https:\/\/www.cp-rup.com\/fr\/wp-json\/wp\/v2\/posts\/8250\/revisions\/8341"}],"wp:featuredmedia":[{"embeddable":true,"href":"https:\/\/www.cp-rup.com\/fr\/wp-json\/wp\/v2\/media\/8259"}],"wp:attachment":[{"href":"https:\/\/www.cp-rup.com\/fr\/wp-json\/wp\/v2\/media?parent=8250"}],"wp:term":[{"taxonomy":"category","embeddable":true,"href":"https:\/\/www.cp-rup.com\/fr\/wp-json\/wp\/v2\/categories?post=8250"},{"taxonomy":"post_tag","embeddable":true,"href":"https:\/\/www.cp-rup.com\/fr\/wp-json\/wp\/v2\/tags?post=8250"}],"curies":[{"name":"wp","href":"https:\/\/api.w.org\/{rel}","templated":true}]}}