{"id":8431,"date":"2023-03-21T09:28:34","date_gmt":"2023-03-21T09:28:34","guid":{"rendered":"https:\/\/cp-rup.com\/?p=8431"},"modified":"2023-03-21T11:10:25","modified_gmt":"2023-03-21T11:10:25","slug":"appel-a-propositions-pour-favoriser-lautonomie-des-jeunes-dans-les-regions-ultraperipheriques-rup","status":"publish","type":"post","link":"https:\/\/www.cp-rup.com\/fr\/appel-a-propositions-pour-favoriser-lautonomie-des-jeunes-dans-les-regions-ultraperipheriques-rup\/","title":{"rendered":"Appel \u00e0 propositions pour favoriser l\u2019autonomie des jeunes dans les r\u00e9gions ultrap\u00e9riph\u00e9riques (RUP)"},"content":{"rendered":"<p>La Commission europ\u00e9enne a r\u00e9cemment lanc\u00e9 un <strong>appel \u00e0 propositions<\/strong> &#8211; d&rsquo;une valeur d&rsquo;<strong>un million d&rsquo;euros<\/strong> &#8211; pour contribuer \u00e0 <strong>favoriser l&rsquo;autonomie des jeunes dans les R\u00e9gions Ultrap\u00e9riph\u00e9riques (RUP<\/strong>).<\/p>\n<p>Cette initiative europ\u00e9enne vise \u00e0 mobiliser les jeunes des RUP pour d\u00e9velopper des actions adapt\u00e9es \u00e0 leurs r\u00e9gions afin d&rsquo;am\u00e9liorer leur qualit\u00e9 de vie. Les jeunes peuvent devenir des agents de changement, des entrepreneurs et des innovateurs dans leurs communaut\u00e9s locales.<\/p>\n<p>Ce projet de deux ans vise \u00e0 soutenir des actions d\u00e9velopp\u00e9es par des jeunes \u00e2g\u00e9s de 15 \u00e0 24 ans dans ces r\u00e9gions et sera mis en \u0153uvre en <strong>deux phases<\/strong> :<\/p>\n<ol>\n<li>Dans la <u>1\u00e8re phase<\/u>, objet du pr\u00e9sent appel, la Commission s\u00e9lectionnera <strong>un b\u00e9n\u00e9ficiaire<\/strong>, qui fera office de secr\u00e9tariat du projet;<\/li>\n<\/ol>\n<ol start=\"2\">\n<li>Au cours de la <u>deuxi\u00e8me phase<\/u>, ce b\u00e9n\u00e9ficiaire lancera des appels \u00e0 projets en faveur de la jeunesse des r\u00e9gions ultrap\u00e9riph\u00e9riques, accordera des subventions aux actions s\u00e9lectionn\u00e9es et assurera le suivi de ces actions. La subvention soutiendra un minimum de 70 actions d&rsquo;un montant minimal de 5 000 euros et un maximal de 10 000 euros chacune et d&rsquo;une dur\u00e9e maximale de 12 mois.<\/li>\n<\/ol>\n<p><strong>Date limite de l&rsquo;appel<\/strong> : jusqu&rsquo;au 31 mai 2023<\/p>\n<p>Plus d&rsquo;informations <a href=\"https:\/\/ec.europa.eu\/regional_policy\/whats-new\/tenders-and-grants\/calls-for-proposal_en\">ici<\/a>.<\/p>\n","protected":false},"excerpt":{"rendered":"<p>La Commission europ\u00e9enne a r\u00e9cemment lanc\u00e9 un appel \u00e0 propositions &#8211; d&rsquo;une valeur d&rsquo;un million d&rsquo;euros &#8211; pour contribuer \u00e0 favoriser l&rsquo;autonomie des jeunes dans les R\u00e9gions Ultrap\u00e9riph\u00e9riques (RUP). Cette initiative europ\u00e9enne vise \u00e0 mobiliser les jeunes des RUP pour d\u00e9velopper des actions adapt\u00e9es \u00e0 leurs r\u00e9gions afin d&rsquo;am\u00e9liorer leur qualit\u00e9 de vie. Les jeunes [&hellip;]<\/p>\n","protected":false},"author":37,"featured_media":8448,"comment_status":"closed","ping_status":"closed","sticky":false,"template":"","format":"standard","meta":{"_acf_changed":false,"footnotes":"","_links_to":"","_links_to_target":""},"categories":[223],"tags":[],"class_list":["post-8431","post","type-post","status-publish","format-standard","has-post-thumbnail","hentry","category-sin-categoria-fr"],"acf":[],"_links":{"self":[{"href":"https:\/\/www.cp-rup.com\/fr\/wp-json\/wp\/v2\/posts\/8431","targetHints":{"allow":["GET"]}}],"collection":[{"href":"https:\/\/www.cp-rup.com\/fr\/wp-json\/wp\/v2\/posts"}],"about":[{"href":"https:\/\/www.cp-rup.com\/fr\/wp-json\/wp\/v2\/types\/post"}],"author":[{"embeddable":true,"href":"https:\/\/www.cp-rup.com\/fr\/wp-json\/wp\/v2\/users\/37"}],"replies":[{"embeddable":true,"href":"https:\/\/www.cp-rup.com\/fr\/wp-json\/wp\/v2\/comments?post=8431"}],"version-history":[{"count":2,"href":"https:\/\/www.cp-rup.com\/fr\/wp-json\/wp\/v2\/posts\/8431\/revisions"}],"predecessor-version":[{"id":8433,"href":"https:\/\/www.cp-rup.com\/fr\/wp-json\/wp\/v2\/posts\/8431\/revisions\/8433"}],"wp:featuredmedia":[{"embeddable":true,"href":"https:\/\/www.cp-rup.com\/fr\/wp-json\/wp\/v2\/media\/8448"}],"wp:attachment":[{"href":"https:\/\/www.cp-rup.com\/fr\/wp-json\/wp\/v2\/media?parent=8431"}],"wp:term":[{"taxonomy":"category","embeddable":true,"href":"https:\/\/www.cp-rup.com\/fr\/wp-json\/wp\/v2\/categories?post=8431"},{"taxonomy":"post_tag","embeddable":true,"href":"https:\/\/www.cp-rup.com\/fr\/wp-json\/wp\/v2\/tags?post=8431"}],"curies":[{"name":"wp","href":"https:\/\/api.w.org\/{rel}","templated":true}]}}