{"id":8462,"date":"2023-03-28T07:13:05","date_gmt":"2023-03-28T07:13:05","guid":{"rendered":"https:\/\/cp-rup.com\/?p=8462"},"modified":"2023-06-01T14:02:39","modified_gmt":"2023-06-01T14:02:39","slug":"adoption-par-la-commission-regi-du-parlement-europeen-du-rapport-sur-levaluation-de-la-strategie-de-lue-pour-les-rup","status":"publish","type":"post","link":"https:\/\/www.cp-rup.com\/fr\/adoption-par-la-commission-regi-du-parlement-europeen-du-rapport-sur-levaluation-de-la-strategie-de-lue-pour-les-rup\/","title":{"rendered":"Adoption par la commission REGI du Parlement europ\u00e9en du rapport sur l&rsquo;\u00e9valuation de la strat\u00e9gie de l&rsquo;UE pour les RUP"},"content":{"rendered":"<p>La commission du d\u00e9veloppement r\u00e9gional du Parlement europ\u00e9en a adopt\u00e9 \u00e0 l&rsquo;unanimit\u00e9, le 22 mars 2023, son <a href=\"https:\/\/cp-rup.com\/wp-content\/uploads\/2023\/06\/A-9-2023-0156_FR.pdf\"><em>Rapport sur l&rsquo;\u00e9valuation de la nouvelle communication de la Commission europ\u00e9enne sur les r\u00e9gions ultrap\u00e9riph\u00e9riques (2022\/2147(INI)).<\/em><\/a><\/p>\n<p>Le rapport, dont le rapporteur est l&rsquo;eurod\u00e9put\u00e9 Alvaro AMARO (PPE, Portugal), soutient la strat\u00e9gie de la Commission europ\u00e9enne pour les r\u00e9gions ultrap\u00e9riph\u00e9riques (RUP) de l&rsquo;UE, mais appelle en m\u00eame temps \u00e0 une prise en compte plus syst\u00e9matique des besoins de ces r\u00e9gions dans la l\u00e9gislation et les programmes de l&rsquo;UE et \u00e0 un plus grand engagement de la Commission pour favoriser leur comp\u00e9titivit\u00e9.<\/p>\n<p>Il aborde notamment les probl\u00e8mes des jeunes des RUP, dont la situation sociale et les perspectives d&rsquo;avenir constituent une pr\u00e9occupation majeure. Il demande donc \u00e0 la Commission europ\u00e9enne de proposer des actions de formation, d&rsquo;apprentissage et de d\u00e9veloppement des comp\u00e9tences pour renforcer les opportunit\u00e9s d&#8217;emploi et enrayer la fuite des cerveaux, ainsi qu&rsquo;un plan d&rsquo;action pour lutter contre le d\u00e9crochage scolaire.<\/p>\n<p>Il souligne \u00e9galement l&rsquo;importance du tourisme pour le d\u00e9veloppement de ces r\u00e9gions et insiste sur la n\u00e9cessit\u00e9 de trouver un juste \u00e9quilibre entre le d\u00e9veloppement touristique et les sp\u00e9cificit\u00e9s de la biodiversit\u00e9 locale, en appelant la Commission \u00e0 \u00e9laborer une politique de tourisme durable pour les RUP.<\/p>\n<p>Le pr\u00e9sident du gouvernement des Canaries et pr\u00e9sident actuel de la Conf\u00e9rence des Pr\u00e9sidents des RUP, \u00c1ngel V\u00edctor TORRES, intervenait par vid\u00e9oconf\u00e9rence lors de la s\u00e9ance d&rsquo;adoption du rapport, profitant de l&rsquo;occasion pour demander, une fois de plus, que l\u2019ultrap\u00e9riph\u00e9rie soit un \u00e9l\u00e9ment permanent de la politique de coh\u00e9sion de l&rsquo;UE, dans le but d&rsquo;int\u00e9grer de la meilleure fa\u00e7on possible la diversit\u00e9 territoriale que repr\u00e9sentent les RUP au sein de l&rsquo;UE.<\/p>\n<p>Il a mis l&rsquo;accent sur la politique migratoire, sur le d\u00e9veloppement du paquet l\u00e9gislatif du paquet <em>Fit for 55<\/em> et sur la promotion de la coop\u00e9ration avec les pays tiers voisins et partenaires des RUP, et donc de l&rsquo;UE, \u00e0 l&rsquo;instar de ce qui se fait en M\u00e9diterran\u00e9e.<\/p>\n<p>Il a \u00e9galement soulign\u00e9 l&rsquo;importance que le texte reprenne les conclusions de la Conf\u00e9rence des Pr\u00e9sidents des RUP dans sa D\u00e9claration finale de novembre 2022, tenue au Parlement europ\u00e9en, y compris un grand nombre de ses demandes. Il a \u00e9galement appel\u00e9 \u00e0 une \u00ab\u00a0pleine participation des autorit\u00e9s des RUP aux politiques europ\u00e9ennes\u00a0\u00bb, consid\u00e9rant que cela \u00ab\u00a0renforce la l\u00e9gitimit\u00e9 du processus d\u00e9cisionnel de l&rsquo;UE\u00a0\u00bb.<\/p>\n<p>Enfin, il a rappel\u00e9 que la Commission europ\u00e9enne, dans son 8\u00e8me Rapport sur la coh\u00e9sion, a conclu que le d\u00e9veloppement de l&rsquo;UE doit \u00eatre adapt\u00e9 aux avantages comp\u00e9titifs de chaque territoire et que les caract\u00e9ristiques des RUP sont uniques dans l&rsquo;UE, ce qui rend la convergence difficile et n\u00e9cessite une \u00ab\u00a0strat\u00e9gie horizontale et structurante\u00a0\u00bb.<\/p>\n<p>Dans ce contexte, les RUP ont besoin de ces politiques europ\u00e9ennes sp\u00e9cifiques pour compenser leurs diff\u00e9rences li\u00e9es \u00e0 l&rsquo;\u00e9loignement, l&rsquo;isolement et l&rsquo;insularit\u00e9, mais surtout pour les rapprocher du niveau de revenu moyen par habitant de l&rsquo;UE.<\/p>\n<div id=\"metaslider-id-8472\" style=\"max-width: 1170px; margin: 0 auto;\" class=\"ml-slider-3-20-3 metaslider metaslider-flex metaslider-8472 ml-slider\">\n    <div id=\"metaslider_container_8472\">\n        <div id=\"metaslider_8472\">\n            <ul aria-live=\"polite\" class=\"slides\">\n                <li style=\"display: block; width: 100%;\" class=\"slide-8473 ms-image\"><img loading=\"lazy\" decoding=\"async\" src=\"https:\/\/www.cp-rup.com\/wp-content\/uploads\/2023\/03\/Amaro02.jpg\" height=\"400\" width=\"1170\" alt=\"\" class=\"slider-8472 slide-8473\" title=\"Amaro02\" \/><\/li>\n                <li style=\"display: none; width: 100%;\" class=\"slide-8474 ms-image\"><img loading=\"lazy\" decoding=\"async\" src=\"https:\/\/www.cp-rup.com\/wp-content\/uploads\/2023\/03\/Amaro04.jpg\" height=\"400\" width=\"1170\" alt=\"\" class=\"slider-8472 slide-8474\" title=\"Amaro04\" \/><\/li>\n                <li style=\"display: none; width: 100%;\" class=\"slide-8475 ms-image\"><img loading=\"lazy\" decoding=\"async\" src=\"https:\/\/www.cp-rup.com\/wp-content\/uploads\/2023\/03\/Amaro01.jpg\" height=\"400\" width=\"1170\" alt=\"\" class=\"slider-8472 slide-8475\" title=\"Amaro01\" \/><\/li>\n            <\/ul>\n        <\/div>\n        \n    <\/div>\n<\/div>\n","protected":false},"excerpt":{"rendered":"<p>La commission du d\u00e9veloppement r\u00e9gional du Parlement europ\u00e9en a adopt\u00e9 \u00e0 l&rsquo;unanimit\u00e9, le 22 mars 2023, son Rapport sur l&rsquo;\u00e9valuation de la nouvelle communication de la Commission europ\u00e9enne sur les r\u00e9gions ultrap\u00e9riph\u00e9riques (2022\/2147(INI)). Le rapport, dont le rapporteur est l&rsquo;eurod\u00e9put\u00e9 Alvaro AMARO (PPE, Portugal), soutient la strat\u00e9gie de la Commission europ\u00e9enne pour les r\u00e9gions ultrap\u00e9riph\u00e9riques [&hellip;]<\/p>\n","protected":false},"author":37,"featured_media":8461,"comment_status":"closed","ping_status":"closed","sticky":false,"template":"","format":"standard","meta":{"_acf_changed":false,"footnotes":"","_links_to":"","_links_to_target":""},"categories":[223],"tags":[],"class_list":["post-8462","post","type-post","status-publish","format-standard","has-post-thumbnail","hentry","category-sin-categoria-fr"],"acf":[],"_links":{"self":[{"href":"https:\/\/www.cp-rup.com\/fr\/wp-json\/wp\/v2\/posts\/8462","targetHints":{"allow":["GET"]}}],"collection":[{"href":"https:\/\/www.cp-rup.com\/fr\/wp-json\/wp\/v2\/posts"}],"about":[{"href":"https:\/\/www.cp-rup.com\/fr\/wp-json\/wp\/v2\/types\/post"}],"author":[{"embeddable":true,"href":"https:\/\/www.cp-rup.com\/fr\/wp-json\/wp\/v2\/users\/37"}],"replies":[{"embeddable":true,"href":"https:\/\/www.cp-rup.com\/fr\/wp-json\/wp\/v2\/comments?post=8462"}],"version-history":[{"count":4,"href":"https:\/\/www.cp-rup.com\/fr\/wp-json\/wp\/v2\/posts\/8462\/revisions"}],"predecessor-version":[{"id":8654,"href":"https:\/\/www.cp-rup.com\/fr\/wp-json\/wp\/v2\/posts\/8462\/revisions\/8654"}],"wp:featuredmedia":[{"embeddable":true,"href":"https:\/\/www.cp-rup.com\/fr\/wp-json\/wp\/v2\/media\/8461"}],"wp:attachment":[{"href":"https:\/\/www.cp-rup.com\/fr\/wp-json\/wp\/v2\/media?parent=8462"}],"wp:term":[{"taxonomy":"category","embeddable":true,"href":"https:\/\/www.cp-rup.com\/fr\/wp-json\/wp\/v2\/categories?post=8462"},{"taxonomy":"post_tag","embeddable":true,"href":"https:\/\/www.cp-rup.com\/fr\/wp-json\/wp\/v2\/tags?post=8462"}],"curies":[{"name":"wp","href":"https:\/\/api.w.org\/{rel}","templated":true}]}}