{"id":1109,"date":"2018-03-12T09:58:55","date_gmt":"2018-03-12T09:58:55","guid":{"rendered":"https:\/\/cp-rup.com\/?p=1109"},"modified":"2021-03-20T03:09:40","modified_gmt":"2021-03-20T03:09:40","slug":"as-rup-introduzem-a-ultraperiferia-na-agenda-europeia-do-brexit","status":"publish","type":"post","link":"https:\/\/www.cp-rup.com\/pt\/as-rup-introduzem-a-ultraperiferia-na-agenda-europeia-do-brexit\/","title":{"rendered":"As RUP introduzem a ultraperiferia na agenda europeia do Brexit"},"content":{"rendered":"<p>12\/03\/2018<\/p>\n<p>O Presidente das Ilhas Can\u00e1rias, Fernando Clavijo, informou o negociador da Uni\u00e3o Europeia (UE) para as quest\u00f5es do &#8220;Brexit&#8221;, Michel Barnier, sobre a preocupa\u00e7\u00e3o da comunidade espanhola e das restantes regi\u00f5es ultraperif\u00e9ricas pelo poss\u00edvel impacto negativo na economia devido \u00e0 sa\u00edda do Reino Unido em bloco da UE, prevista para 2019.<\/p>\n<p>O chefe do Executivo das Can\u00e1rias, que assistiu a esta reuni\u00e3o como presidente da Confer\u00eancia dos Presidentes das RUP, explicou detalhadamente a situa\u00e7\u00e3o destas regi\u00f5es como as regi\u00f5es europeias mais vulner\u00e1veis, tanto em face de uma partida desordenada do Reino Unido, como contra qualquer cen\u00e1rio de deteriora\u00e7\u00e3o das futuras rela\u00e7\u00f5es entre a UE e o Reino Unido como pa\u00eds terceiro.<\/p>\n<p>Fernando Clavijo enviou h\u00e1 alguns meses uma carta e v\u00e1rios relat\u00f3rios preliminares para Michel Barnier sobre as consequ\u00eancias do Brexit para diversos setores da economia das Ilhas Can\u00e1rias (turismo, agricultura, imobili\u00e1rio, etc.), com documentos preparados pela comiss\u00e3o de trabalho criada nas Ilhas para acompanhar este processo. A essa carta, Barnier respondeu, afirmando textualmente que \u00e9 \u201cmuito sens\u00edvel aos interesses das regi\u00f5es ultraperif\u00e9ricas, cujas especificidades\u201d conhece \u201cmuito bem&#8221;.<\/p>\n<p>A reuni\u00e3o tamb\u00e9m contou com a presen\u00e7a do Vice-Ministro da Economia e Assuntos Econ\u00f3micos com a Uni\u00e3o Europeia, Ildefonso Socorro, que informou Barnier da preocupa\u00e7\u00e3o do resto das RUP, e entregou um relat\u00f3rio sobre o impacto concreto do &#8220;Brexit&#8221; nas Can\u00e1rias e na Madeira.<\/p>\n<p>&#8220;Existem departamentos franceses ultramarinos nas Cara\u00edbas, como Guadalupe, Martinica e Saint-Martin, eles t\u00eam uma rela\u00e7\u00e3o muito especial com os pa\u00edses e territ\u00f3rios ultramarinos brit\u00e2nicos e t\u00eam uma preocupa\u00e7\u00e3o muito grande de como isto pode afetar as suas rela\u00e7\u00f5es&#8221;, comentou.<\/p>\n<p>Clavijo considera &#8220;importante&#8221; que as RUP possam mostrar em primeira m\u00e3o as suas singularidades e, como tal, disse que \u201ctemos recebido de Barnier, que tem sido Comiss\u00e1rio para a Pol\u00edtica Regional, uma rece\u00e7\u00e3o muito favor\u00e1vel para a nossa situa\u00e7\u00e3o.&#8221;<\/p>\n","protected":false},"excerpt":{"rendered":"<p>12\/03\/2018 O Presidente das Ilhas Can\u00e1rias, Fernando Clavijo, informou o negociador da Uni\u00e3o Europeia (UE) para as quest\u00f5es do &#8220;Brexit&#8221;, Michel Barnier, sobre a preocupa\u00e7\u00e3o da comunidade espanhola e das restantes regi\u00f5es ultraperif\u00e9ricas pelo poss\u00edvel impacto negativo na economia devido \u00e0 sa\u00edda do Reino Unido em bloco da UE, prevista para 2019. O chefe do [&hellip;]<\/p>\n","protected":false},"author":45,"featured_media":4043,"comment_status":"open","ping_status":"open","sticky":false,"template":"","format":"standard","meta":{"_acf_changed":false,"footnotes":"","_links_to":"","_links_to_target":""},"categories":[1],"tags":[],"class_list":["post-1109","post","type-post","status-publish","format-standard","has-post-thumbnail","hentry","category-sin-categoria"],"acf":[],"_links":{"self":[{"href":"https:\/\/www.cp-rup.com\/pt\/wp-json\/wp\/v2\/posts\/1109","targetHints":{"allow":["GET"]}}],"collection":[{"href":"https:\/\/www.cp-rup.com\/pt\/wp-json\/wp\/v2\/posts"}],"about":[{"href":"https:\/\/www.cp-rup.com\/pt\/wp-json\/wp\/v2\/types\/post"}],"author":[{"embeddable":true,"href":"https:\/\/www.cp-rup.com\/pt\/wp-json\/wp\/v2\/users\/45"}],"replies":[{"embeddable":true,"href":"https:\/\/www.cp-rup.com\/pt\/wp-json\/wp\/v2\/comments?post=1109"}],"version-history":[{"count":23,"href":"https:\/\/www.cp-rup.com\/pt\/wp-json\/wp\/v2\/posts\/1109\/revisions"}],"predecessor-version":[{"id":6318,"href":"https:\/\/www.cp-rup.com\/pt\/wp-json\/wp\/v2\/posts\/1109\/revisions\/6318"}],"wp:featuredmedia":[{"embeddable":true,"href":"https:\/\/www.cp-rup.com\/pt\/wp-json\/wp\/v2\/media\/4043"}],"wp:attachment":[{"href":"https:\/\/www.cp-rup.com\/pt\/wp-json\/wp\/v2\/media?parent=1109"}],"wp:term":[{"taxonomy":"category","embeddable":true,"href":"https:\/\/www.cp-rup.com\/pt\/wp-json\/wp\/v2\/categories?post=1109"},{"taxonomy":"post_tag","embeddable":true,"href":"https:\/\/www.cp-rup.com\/pt\/wp-json\/wp\/v2\/tags?post=1109"}],"curies":[{"name":"wp","href":"https:\/\/api.w.org\/{rel}","templated":true}]}}