{"id":1122,"date":"2018-02-26T11:00:58","date_gmt":"2018-02-26T11:00:58","guid":{"rendered":"https:\/\/cp-rup.com\/?p=1122"},"modified":"2021-03-20T03:12:49","modified_gmt":"2021-03-20T03:12:49","slug":"cinquenta-alunos-e-professores-de-seis-paises-europeus-participam-em-projeto-de-aprendizagem-sobre-as-rup","status":"publish","type":"post","link":"https:\/\/www.cp-rup.com\/pt\/cinquenta-alunos-e-professores-de-seis-paises-europeus-participam-em-projeto-de-aprendizagem-sobre-as-rup\/","title":{"rendered":"Cinquenta alunos e professores de seis pa\u00edses europeus participam em projeto de aprendizagem sobre as RUP"},"content":{"rendered":"<p>Ildefonso Socorro, vice-ministro da Economia e Assuntos Econ\u00f3micos da UE do Governo das Ilhas Can\u00e1rias, explicou esta manh\u00e3 a situa\u00e7\u00e3o das ilhas como uma regi\u00e3o ultraperif\u00e9rica para cinquenta estudantes e professores de seis pa\u00edses da UE (It\u00e1lia, Luxemburgo, Bulg\u00e1ria, Fran\u00e7a, B\u00e9lgica e Espanha) participando de interc\u00e2mbio do projeto Erasmus \u2018A Europa: o nosso projeto comum\u2019, que se realiza estes dias na Gran Canaria.<\/p>\n<p>O representante do Minist\u00e9rio da Economia, Ind\u00fastria, Com\u00e9rcio e Conhecimento do Governo das Ilhas Can\u00e1rias lembrou aos jovens que o conceito de regi\u00e3o ultraperif\u00e9rica foi criado pela Uni\u00e3o Europeia para identificar &#8220;uma realidade territorial \u00fanica&#8221;. Ildefonso Socorro informou-lhes que atualmente existem nove regi\u00f5es ultraperif\u00e9ricas na Europa (Ilhas Can\u00e1rias, A\u00e7ores, Madeira, Guadalupe, San Martin, Guiana Francesa, Martinica, Reuni\u00e3o e Maiote) com uma popula\u00e7\u00e3o total de quatro milh\u00f5es de habitantes que vivem em tr\u00eas mares e oceanos diferentes.<\/p>\n<p>As condicionantes que caracterizam as RUP s\u00e3o: a insularidade, o relevo e os climas adversos, uma superf\u00edcie reduzida, uma grande dist\u00e2ncia do continente europeu e a sua proximidade com pa\u00edses terceiros.<\/p>\n<p>Al\u00e9m disso, Ildefonso Socorro analisou as a\u00e7\u00f5es que o Governo das Can\u00e1rias est\u00e1 a desenvolver neste ano no \u00e2mbito da Presid\u00eancia da Confer\u00eancia de Presidentes das Regi\u00f5es Ultraperif\u00e9ricas.<\/p>\n<p>O projeto em que estes jovens trabalham encoraja a aproxima\u00e7\u00e3o \u00e0s institui\u00e7\u00f5es europeias e o esp\u00edrito cr\u00edtico para debater os objetivos na origem da UE e as prioridades do futuro. Tamb\u00e9m novas tecnologias em aprendizagem e valores sociais, como respeito e integra\u00e7\u00e3o na Europa.<\/p>\n<p>Os alunos t\u00eam entre 14 e 17 anos e estudam em institutos p\u00fablicos das suas localidades. O projeto \u00e9 uma associa\u00e7\u00e3o escolar Erasmus + KA2. O centro de Gran Canaria que acolhe esta mobilidade \u00e9 o IES Joaqu\u00edn Artiles de Ag\u00fcimes.<\/p>\n<p>Os alunos de Las Islas que participam no projeto recebem os seus colegas de turma de outros pa\u00edses nas suas casas, sendo que depois ser\u00e3o acolhidos por eles noutro interc\u00e2mbio planeado. Este curso do programa europeu Erasmus tem uma dura\u00e7\u00e3o de dois anos escolares.<\/p>\n","protected":false},"excerpt":{"rendered":"<p>Ildefonso Socorro, vice-ministro da Economia e Assuntos Econ\u00f3micos da UE do Governo das Ilhas Can\u00e1rias, explicou esta manh\u00e3 a situa\u00e7\u00e3o das ilhas como uma regi\u00e3o ultraperif\u00e9rica para cinquenta estudantes e professores de seis pa\u00edses da UE (It\u00e1lia, Luxemburgo, Bulg\u00e1ria, Fran\u00e7a, B\u00e9lgica e Espanha) participando de interc\u00e2mbio do projeto Erasmus \u2018A Europa: o nosso projeto comum\u2019, [&hellip;]<\/p>\n","protected":false},"author":45,"featured_media":1124,"comment_status":"open","ping_status":"open","sticky":false,"template":"","format":"standard","meta":{"_acf_changed":false,"footnotes":"","_links_to":"","_links_to_target":""},"categories":[1],"tags":[],"class_list":["post-1122","post","type-post","status-publish","format-standard","has-post-thumbnail","hentry","category-sin-categoria"],"acf":[],"_links":{"self":[{"href":"https:\/\/www.cp-rup.com\/pt\/wp-json\/wp\/v2\/posts\/1122","targetHints":{"allow":["GET"]}}],"collection":[{"href":"https:\/\/www.cp-rup.com\/pt\/wp-json\/wp\/v2\/posts"}],"about":[{"href":"https:\/\/www.cp-rup.com\/pt\/wp-json\/wp\/v2\/types\/post"}],"author":[{"embeddable":true,"href":"https:\/\/www.cp-rup.com\/pt\/wp-json\/wp\/v2\/users\/45"}],"replies":[{"embeddable":true,"href":"https:\/\/www.cp-rup.com\/pt\/wp-json\/wp\/v2\/comments?post=1122"}],"version-history":[{"count":10,"href":"https:\/\/www.cp-rup.com\/pt\/wp-json\/wp\/v2\/posts\/1122\/revisions"}],"predecessor-version":[{"id":6326,"href":"https:\/\/www.cp-rup.com\/pt\/wp-json\/wp\/v2\/posts\/1122\/revisions\/6326"}],"wp:featuredmedia":[{"embeddable":true,"href":"https:\/\/www.cp-rup.com\/pt\/wp-json\/wp\/v2\/media\/1124"}],"wp:attachment":[{"href":"https:\/\/www.cp-rup.com\/pt\/wp-json\/wp\/v2\/media?parent=1122"}],"wp:term":[{"taxonomy":"category","embeddable":true,"href":"https:\/\/www.cp-rup.com\/pt\/wp-json\/wp\/v2\/categories?post=1122"},{"taxonomy":"post_tag","embeddable":true,"href":"https:\/\/www.cp-rup.com\/pt\/wp-json\/wp\/v2\/tags?post=1122"}],"curies":[{"name":"wp","href":"https:\/\/api.w.org\/{rel}","templated":true}]}}