{"id":1701,"date":"2018-05-25T11:52:09","date_gmt":"2018-05-25T11:52:09","guid":{"rendered":"https:\/\/cp-rup.com\/?p=1701"},"modified":"2021-03-20T03:04:07","modified_gmt":"2021-03-20T03:04:07","slug":"reuniao-do-comite-de-acompanhamento-da-cprup-em-bruxelas-de-23-a-25-de-maio-de-2018","status":"publish","type":"post","link":"https:\/\/www.cp-rup.com\/pt\/reuniao-do-comite-de-acompanhamento-da-cprup-em-bruxelas-de-23-a-25-de-maio-de-2018\/","title":{"rendered":"Reuni\u00e3o do Comit\u00e9 de Acompanhamento da CPRUP em Bruxelas, de 23 a 25 de maio de 2018"},"content":{"rendered":"<p>25\/05\/2018<\/p>\n<p>Os membros do Comit\u00e9 de Acompanhamento (CA) da Confer\u00eancia dos Presidentes das Regi\u00f5es Ultraperif\u00e9ricas reuniram-se a 23, 24 e 25 de maio na Delega\u00e7\u00e3o do Governo das Can\u00e1rias, em Bruxelas, sob a presid\u00eancia das Can\u00e1rias.<\/p>\n<p>Durante estes tr\u00eas dias de trabalho, os membros do Comit\u00e9 tiveram a oportunidade de trabalhar na organiza\u00e7\u00e3o dos v\u00e1rios eventos que se realizam nos pr\u00f3ximos meses, nos quais as RUP ocupar\u00e3o predominantemente a agenda europeia, nomeadamente o F\u00f3rum sobre Economia Azul, a Semana Europeia da Energia Sustent\u00e1vel, um encontro com o Presidente do Parlamento Europeu, uma apresenta\u00e7\u00e3o da Comiss\u00e3o Europeia sobre as propostas do Quadro Financeiro Plurianual, um workshop espec\u00edfico sobre as RUP no \u00e2mbito da Regio Week e a pr\u00f3xima Confer\u00eancia anual de Presidentes das RUP, que se realiza em novembro nas Ilhas Can\u00e1rias, entre outros.<\/p>\n<p>Da mesma forma, as primeiras propostas da Comiss\u00e3o Europeia ap\u00f3s 2020 foram analisadas, tanto na Comunica\u00e7\u00e3o da Comiss\u00e3o Europeia sobre as RUP publicadas em 2017 &#8220;Uma parceria estrat\u00e9gica renovada e mais forte com as regi\u00f5es ultraperif\u00e9ricas da Uni\u00e3o Europeia&#8221;, como tamb\u00e9m na Quadro Financeiro Plurianual ap\u00f3s 2020.<\/p>\n<p>Finalmente, a Comiss\u00e3o realizou uma reuni\u00e3o com a Unidade de Regi\u00f5es Ultraperif\u00e9ricas da Dire\u00e7\u00e3o de Pol\u00edtica Regional (DG REGIO) da Comiss\u00e3o Europeia, centrada no acompanhamento das a\u00e7\u00f5es previstas na Comunica\u00e7\u00e3o sobre as RUP.<\/p>\n","protected":false},"excerpt":{"rendered":"<p>25\/05\/2018 Os membros do Comit\u00e9 de Acompanhamento (CA) da Confer\u00eancia dos Presidentes das Regi\u00f5es Ultraperif\u00e9ricas reuniram-se a 23, 24 e 25 de maio na Delega\u00e7\u00e3o do Governo das Can\u00e1rias, em Bruxelas, sob a presid\u00eancia das Can\u00e1rias. Durante estes tr\u00eas dias de trabalho, os membros do Comit\u00e9 tiveram a oportunidade de trabalhar na organiza\u00e7\u00e3o dos v\u00e1rios [&hellip;]<\/p>\n","protected":false},"author":45,"featured_media":1708,"comment_status":"open","ping_status":"open","sticky":false,"template":"","format":"standard","meta":{"_acf_changed":false,"footnotes":"","_links_to":"","_links_to_target":""},"categories":[1],"tags":[81,83,80,82],"class_list":["post-1701","post","type-post","status-publish","format-standard","has-post-thumbnail","hentry","category-sin-categoria","tag-cds","tag-mayo","tag-reunion","tag-rup"],"acf":[],"_links":{"self":[{"href":"https:\/\/www.cp-rup.com\/pt\/wp-json\/wp\/v2\/posts\/1701","targetHints":{"allow":["GET"]}}],"collection":[{"href":"https:\/\/www.cp-rup.com\/pt\/wp-json\/wp\/v2\/posts"}],"about":[{"href":"https:\/\/www.cp-rup.com\/pt\/wp-json\/wp\/v2\/types\/post"}],"author":[{"embeddable":true,"href":"https:\/\/www.cp-rup.com\/pt\/wp-json\/wp\/v2\/users\/45"}],"replies":[{"embeddable":true,"href":"https:\/\/www.cp-rup.com\/pt\/wp-json\/wp\/v2\/comments?post=1701"}],"version-history":[{"count":7,"href":"https:\/\/www.cp-rup.com\/pt\/wp-json\/wp\/v2\/posts\/1701\/revisions"}],"predecessor-version":[{"id":6303,"href":"https:\/\/www.cp-rup.com\/pt\/wp-json\/wp\/v2\/posts\/1701\/revisions\/6303"}],"wp:featuredmedia":[{"embeddable":true,"href":"https:\/\/www.cp-rup.com\/pt\/wp-json\/wp\/v2\/media\/1708"}],"wp:attachment":[{"href":"https:\/\/www.cp-rup.com\/pt\/wp-json\/wp\/v2\/media?parent=1701"}],"wp:term":[{"taxonomy":"category","embeddable":true,"href":"https:\/\/www.cp-rup.com\/pt\/wp-json\/wp\/v2\/categories?post=1701"},{"taxonomy":"post_tag","embeddable":true,"href":"https:\/\/www.cp-rup.com\/pt\/wp-json\/wp\/v2\/tags?post=1701"}],"curies":[{"name":"wp","href":"https:\/\/api.w.org\/{rel}","templated":true}]}}