{"id":1948,"date":"2018-06-18T15:40:17","date_gmt":"2018-06-18T15:40:17","guid":{"rendered":"https:\/\/cp-rup.com\/?p=1948"},"modified":"2021-03-20T02:58:40","modified_gmt":"2021-03-20T02:58:40","slug":"reunion-del-comite-de-seguimiento-cds-de-la-conferencia-de-presidentes-de-las-regiones-ultraperifericas-los-dias-11-12-y-13-de-junio-de-2018","status":"publish","type":"post","link":"https:\/\/www.cp-rup.com\/pt\/reunion-del-comite-de-seguimiento-cds-de-la-conferencia-de-presidentes-de-las-regiones-ultraperifericas-los-dias-11-12-y-13-de-junio-de-2018\/","title":{"rendered":"Reuni\u00e3o do Comit\u00e9 de Acompanhamento da CPRUP teve lugar a 11, 12 e 13 de junho de 2018"},"content":{"rendered":"<p>13\/06\/2018<\/p>\n<p>O Comit\u00e9 de Acompanhamento (CA) da Confer\u00eancia dos Presidentes das Regi\u00f5es Ultraperif\u00e9ricas reuniu-se a 11, 12 e 13 de junho na Delega\u00e7\u00e3o do Governo das Can\u00e1rias, em Bruxelas, sob a presid\u00eancia das Can\u00e1rias.<\/p>\n<p>Nestes dias de trabalho, o Comit\u00e9 teve a oportunidade de continuar o trabalho iniciado na reuni\u00e3o anterior, referente \u00e0 an\u00e1lise das propostas regulat\u00f3rias da Comiss\u00e3o Europeia para o per\u00edodo p\u00f3s-2020.<\/p>\n<p>Trabalhou-se tamb\u00e9m na prepara\u00e7\u00e3o do encontro extraordin\u00e1rio de Presidentes, em junho, cujo objetivo \u00e9, precisamente, analisar em conjunto as referidas propostas e preparar as suas rea\u00e7\u00f5es perante os colegisladores europeus, o Parlamento Europeu e o Conselho.<\/p>\n<p>Por outro lado, houve uma reuni\u00e3o com um representante da NEREUS (Network of European Regions Using Space Technologies), plataforma dedicada ao uso de tecnologias espaciais para melhorar as pol\u00edticas p\u00fablicas em benef\u00edcio dos cidad\u00e3os de todas as regi\u00f5es da Europa, para analisar poss\u00edveis formas de coopera\u00e7\u00e3o no futuro.<\/p>\n","protected":false},"excerpt":{"rendered":"<p>13\/06\/2018 O Comit\u00e9 de Acompanhamento (CA) da Confer\u00eancia dos Presidentes das Regi\u00f5es Ultraperif\u00e9ricas reuniu-se a 11, 12 e 13 de junho na Delega\u00e7\u00e3o do Governo das Can\u00e1rias, em Bruxelas, sob a presid\u00eancia das Can\u00e1rias. Nestes dias de trabalho, o Comit\u00e9 teve a oportunidade de continuar o trabalho iniciado na reuni\u00e3o anterior, referente \u00e0 an\u00e1lise das [&hellip;]<\/p>\n","protected":false},"author":45,"featured_media":4190,"comment_status":"open","ping_status":"open","sticky":false,"template":"","format":"standard","meta":{"_acf_changed":false,"footnotes":"","_links_to":"","_links_to_target":""},"categories":[1],"tags":[],"class_list":["post-1948","post","type-post","status-publish","format-standard","has-post-thumbnail","hentry","category-sin-categoria"],"acf":[],"_links":{"self":[{"href":"https:\/\/www.cp-rup.com\/pt\/wp-json\/wp\/v2\/posts\/1948","targetHints":{"allow":["GET"]}}],"collection":[{"href":"https:\/\/www.cp-rup.com\/pt\/wp-json\/wp\/v2\/posts"}],"about":[{"href":"https:\/\/www.cp-rup.com\/pt\/wp-json\/wp\/v2\/types\/post"}],"author":[{"embeddable":true,"href":"https:\/\/www.cp-rup.com\/pt\/wp-json\/wp\/v2\/users\/45"}],"replies":[{"embeddable":true,"href":"https:\/\/www.cp-rup.com\/pt\/wp-json\/wp\/v2\/comments?post=1948"}],"version-history":[{"count":8,"href":"https:\/\/www.cp-rup.com\/pt\/wp-json\/wp\/v2\/posts\/1948\/revisions"}],"predecessor-version":[{"id":6294,"href":"https:\/\/www.cp-rup.com\/pt\/wp-json\/wp\/v2\/posts\/1948\/revisions\/6294"}],"wp:featuredmedia":[{"embeddable":true,"href":"https:\/\/www.cp-rup.com\/pt\/wp-json\/wp\/v2\/media\/4190"}],"wp:attachment":[{"href":"https:\/\/www.cp-rup.com\/pt\/wp-json\/wp\/v2\/media?parent=1948"}],"wp:term":[{"taxonomy":"category","embeddable":true,"href":"https:\/\/www.cp-rup.com\/pt\/wp-json\/wp\/v2\/categories?post=1948"},{"taxonomy":"post_tag","embeddable":true,"href":"https:\/\/www.cp-rup.com\/pt\/wp-json\/wp\/v2\/tags?post=1948"}],"curies":[{"name":"wp","href":"https:\/\/api.w.org\/{rel}","templated":true}]}}