{"id":3657,"date":"2018-10-05T13:33:13","date_gmt":"2018-10-05T13:33:13","guid":{"rendered":"https:\/\/cp-rup.com\/?p=3657"},"modified":"2021-03-20T02:56:36","modified_gmt":"2021-03-20T02:56:36","slug":"xxiii-conferencia-dos-presidentes-das-rup","status":"publish","type":"post","link":"https:\/\/www.cp-rup.com\/pt\/xxiii-conferencia-dos-presidentes-das-rup\/","title":{"rendered":"XXIII Confer\u00eancia dos Presidentes das RUP"},"content":{"rendered":"<p>Nos pr\u00f3ximos dias 22 e 23 de novembro, realiza-se em Las Palmas de Gran Can\u00e1ria a XXIII Confer\u00eancia dos Presidentes das Regi\u00f5es Ultraperif\u00e9ricas, que por\u00e1 fim \u00e0 presid\u00eancia das Can\u00e1rias e dar\u00e1 lugar \u00e0 assun\u00e7\u00e3o da mesma por parte da regi\u00e3o de Saint-Martin.<\/p>\n<p>A XXIII Confer\u00eancia dos Presidentes reunir\u00e1 os nove Presidentes das RUP e contar\u00e1 tamb\u00e9m com a presen\u00e7a do Rei de Espanha, Felipe VI, o Presidente da Comiss\u00e3o Europeia, Jean-Claude Juncker, a Comiss\u00e1ria Europeia para a Pol\u00edtica Regional, Corina Cretu, a Ministra dos Territ\u00f3rios Ultramarinos, Annick Girardin, a Secret\u00e1ria de Estado para os Assuntos Europeus de Portugal, Ana Paula Zacarias, o vice-presidente do Parlamento Europeu, Ram\u00f3n Luis Valc\u00e1rcel, e um representante do Estado espanhol.<\/p>\n<p>Esta confer\u00eancia \u00e9 vista como um momento prop\u00edcio para abordar em conjunto a posi\u00e7\u00e3o da ultraperiferia face ao per\u00edodo p\u00f3s-2020, bem como para impulsionar uma pol\u00edtica europeia de crescimento e desenvolvimento adaptada \u00e0 nossa realidade, logo ap\u00f3s a apresenta\u00e7\u00e3o por parte da Comiss\u00e3o Europeia de propostas econ\u00f3micas, financeiras e legislativas para o pr\u00f3ximo per\u00edodo de programa\u00e7\u00e3o.<\/p>\n","protected":false},"excerpt":{"rendered":"<p>Nos pr\u00f3ximos dias 22 e 23 de novembro, realiza-se em Las Palmas de Gran Can\u00e1ria a XXIII Confer\u00eancia dos Presidentes das Regi\u00f5es Ultraperif\u00e9ricas, que por\u00e1 fim \u00e0 presid\u00eancia das Can\u00e1rias e dar\u00e1 lugar \u00e0 assun\u00e7\u00e3o da mesma por parte da regi\u00e3o de Saint-Martin. A XXIII Confer\u00eancia dos Presidentes reunir\u00e1 os nove Presidentes das RUP e [&hellip;]<\/p>\n","protected":false},"author":45,"featured_media":2611,"comment_status":"open","ping_status":"open","sticky":false,"template":"","format":"standard","meta":{"_acf_changed":false,"footnotes":"","_links_to":"","_links_to_target":""},"categories":[1],"tags":[],"class_list":["post-3657","post","type-post","status-publish","format-standard","has-post-thumbnail","hentry","category-sin-categoria"],"acf":[],"_links":{"self":[{"href":"https:\/\/www.cp-rup.com\/pt\/wp-json\/wp\/v2\/posts\/3657","targetHints":{"allow":["GET"]}}],"collection":[{"href":"https:\/\/www.cp-rup.com\/pt\/wp-json\/wp\/v2\/posts"}],"about":[{"href":"https:\/\/www.cp-rup.com\/pt\/wp-json\/wp\/v2\/types\/post"}],"author":[{"embeddable":true,"href":"https:\/\/www.cp-rup.com\/pt\/wp-json\/wp\/v2\/users\/45"}],"replies":[{"embeddable":true,"href":"https:\/\/www.cp-rup.com\/pt\/wp-json\/wp\/v2\/comments?post=3657"}],"version-history":[{"count":7,"href":"https:\/\/www.cp-rup.com\/pt\/wp-json\/wp\/v2\/posts\/3657\/revisions"}],"predecessor-version":[{"id":6287,"href":"https:\/\/www.cp-rup.com\/pt\/wp-json\/wp\/v2\/posts\/3657\/revisions\/6287"}],"wp:featuredmedia":[{"embeddable":true,"href":"https:\/\/www.cp-rup.com\/pt\/wp-json\/wp\/v2\/media\/2611"}],"wp:attachment":[{"href":"https:\/\/www.cp-rup.com\/pt\/wp-json\/wp\/v2\/media?parent=3657"}],"wp:term":[{"taxonomy":"category","embeddable":true,"href":"https:\/\/www.cp-rup.com\/pt\/wp-json\/wp\/v2\/categories?post=3657"},{"taxonomy":"post_tag","embeddable":true,"href":"https:\/\/www.cp-rup.com\/pt\/wp-json\/wp\/v2\/tags?post=3657"}],"curies":[{"name":"wp","href":"https:\/\/api.w.org\/{rel}","templated":true}]}}