{"id":4422,"date":"2019-05-21T13:18:54","date_gmt":"2019-05-21T13:18:54","guid":{"rendered":"https:\/\/cp-rup.com\/?p=4422"},"modified":"2021-03-20T02:48:30","modified_gmt":"2021-03-20T02:48:30","slug":"las-rup-presentes-en-lisboa-para-el-dia-maritimo-europeo-2019","status":"publish","type":"post","link":"https:\/\/www.cp-rup.com\/pt\/las-rup-presentes-en-lisboa-para-el-dia-maritimo-europeo-2019\/","title":{"rendered":"As RUP presentes em Lisboa para o Dia Europeu do Mar 2019"},"content":{"rendered":"<p>A Confer\u00eancia dos Presidentes das Regi\u00f5es Ultraperif\u00e9ricas organizou um workshop no \u00e2mbito do Dia Europeu do Mar, que se realizou em Lisboa a 17 de maio. Este workshop destacou o potencial mar\u00edtimo das RUP, bem como os projetos implementados neste setor.<\/p>\n<p>Participaram no workshop, que foi moderado por Ant\u00f3nio Domingos Abreu, especialista na Divis\u00e3o de Ci\u00eancias Ecol\u00f3gicas e da Terra da UNESCO, Pedro Ortega, Ministro do Governo Regional das Ilhas Can\u00e1rias, respons\u00e1vel pela Economia, Ind\u00fastria e Conhecimento, Anna Szegvari Masa, Gestora de Projeto da Economia Azul no Conselho Regional da Reuni\u00e3o, Filipe Porteiro, Diretor Regional dos Assuntos Mar\u00edtimos do Governo dos A\u00e7ores e Cyrielle Cuirassier, Representante para os Assuntos Europeus do Conselho Regional de Guadalupe em Bruxelas.<\/p>\n<p>Atrav\u00e9s das suas apresenta\u00e7\u00f5es, os oradores discutiram o papel fundamental que as RUP podem desempenhar na Pol\u00edtica Mar\u00edtima Europeia e os diferentes aspetos do desenvolvimento dos sectores relacionados com a economia azul: inova\u00e7\u00e3o em mat\u00e9ria de energias renov\u00e1veis nas Can\u00e1rias, a forma\u00e7\u00e3o profissional no \u00e2mbito do projeto escola do mar nos A\u00e7ores, a identifica\u00e7\u00e3o de t\u00e9cnicas de pesca inovadoras atrav\u00e9s do projeto ORFISH e a coopera\u00e7\u00e3o como alavanca para o desenvolvimento de uma economia azul no Oceano \u00cdndico.<\/p>\n<p>Como recordado no Memorando Conjunto das RUP, o mar constitui, com efeito, uma oportunidade consider\u00e1vel para o desenvolvimento econ\u00f3mico e social das nossas regi\u00f5es.<\/p>\n","protected":false},"excerpt":{"rendered":"<p>A Confer\u00eancia dos Presidentes das Regi\u00f5es Ultraperif\u00e9ricas organizou um workshop no \u00e2mbito do Dia Europeu do Mar, que se realizou em Lisboa a 17 de maio. Este workshop destacou o potencial mar\u00edtimo das RUP, bem como os projetos implementados neste setor. Participaram no workshop, que foi moderado por Ant\u00f3nio Domingos Abreu, especialista na Divis\u00e3o de [&hellip;]<\/p>\n","protected":false},"author":37,"featured_media":4417,"comment_status":"open","ping_status":"open","sticky":false,"template":"","format":"standard","meta":{"_acf_changed":false,"footnotes":"","_links_to":"","_links_to_target":""},"categories":[1],"tags":[],"class_list":["post-4422","post","type-post","status-publish","format-standard","has-post-thumbnail","hentry","category-sin-categoria"],"acf":[],"_links":{"self":[{"href":"https:\/\/www.cp-rup.com\/pt\/wp-json\/wp\/v2\/posts\/4422","targetHints":{"allow":["GET"]}}],"collection":[{"href":"https:\/\/www.cp-rup.com\/pt\/wp-json\/wp\/v2\/posts"}],"about":[{"href":"https:\/\/www.cp-rup.com\/pt\/wp-json\/wp\/v2\/types\/post"}],"author":[{"embeddable":true,"href":"https:\/\/www.cp-rup.com\/pt\/wp-json\/wp\/v2\/users\/37"}],"replies":[{"embeddable":true,"href":"https:\/\/www.cp-rup.com\/pt\/wp-json\/wp\/v2\/comments?post=4422"}],"version-history":[{"count":7,"href":"https:\/\/www.cp-rup.com\/pt\/wp-json\/wp\/v2\/posts\/4422\/revisions"}],"predecessor-version":[{"id":6267,"href":"https:\/\/www.cp-rup.com\/pt\/wp-json\/wp\/v2\/posts\/4422\/revisions\/6267"}],"wp:featuredmedia":[{"embeddable":true,"href":"https:\/\/www.cp-rup.com\/pt\/wp-json\/wp\/v2\/media\/4417"}],"wp:attachment":[{"href":"https:\/\/www.cp-rup.com\/pt\/wp-json\/wp\/v2\/media?parent=4422"}],"wp:term":[{"taxonomy":"category","embeddable":true,"href":"https:\/\/www.cp-rup.com\/pt\/wp-json\/wp\/v2\/categories?post=4422"},{"taxonomy":"post_tag","embeddable":true,"href":"https:\/\/www.cp-rup.com\/pt\/wp-json\/wp\/v2\/tags?post=4422"}],"curies":[{"name":"wp","href":"https:\/\/api.w.org\/{rel}","templated":true}]}}