{"id":4479,"date":"2019-06-07T10:40:09","date_gmt":"2019-06-07T10:40:09","guid":{"rendered":"https:\/\/cp-rup.com\/?p=4479"},"modified":"2021-03-20T02:41:52","modified_gmt":"2021-03-20T02:41:52","slug":"english-the-steering-committee-met-on-june-4-and-5-in-horta","status":"publish","type":"post","link":"https:\/\/www.cp-rup.com\/pt\/english-the-steering-committee-met-on-june-4-and-5-in-horta\/","title":{"rendered":"O Comit\u00e9 de Acompanhamento RUP reuniu-se nos dias 4 e 5 de junho na Horta, A\u00e7ores"},"content":{"rendered":"<p>O Comit\u00e9 de Acompanhamento RUP reuniu-se nos dias 4 e 5 de junho, na Horta, A\u00e7ores, a fim de prosseguir os seus trabalhos. As regi\u00f5es fizeram o balan\u00e7o de todos os pr\u00f3ximos eventos em que participar\u00e3o, incluindo a Confer\u00eancia Copernicus que tem lugar nos dias 6 e 7 de junho, na Horta, e que vem no seguimento da Semana Europeia da Energia Sustent\u00e1vel de 18 a 20 de junho em Bruxelas, o F\u00f3rum de Economia Azul nas RUP organizado pela Comiss\u00e3o Europeia a 9 de julho em Bruxelas e a REGIO WEEK em outubro, tamb\u00e9m em Bruxelas.<\/p>\n<p>Al\u00e9m disso, o Comit\u00e9 de Acompanhamento prosseguiu os seus trabalhos no desenvolvimento de posi\u00e7\u00f5es e contribui\u00e7\u00f5es comuns, particularmente as ajudas de Estado na sequ\u00eancia da consulta p\u00fablica lan\u00e7ada pela Comiss\u00e3o Europeia at\u00e9 julho e sobre o futuro da coopera\u00e7\u00e3o territorial para as regi\u00f5es Ultraperif\u00e9ricas.<\/p>\n<p>Em julho, as Regi\u00f5es Ultraperif\u00e9ricas (RUP) encontrar-se-\u00e3o para a sua 7\u00aa reuni\u00e3o do Comit\u00e9 de Acompanhamento, que ter\u00e1 lugar em Bruxelas, \u00e0 margem do F\u00f3rum da Economia Azul, nas RUP.<\/p>\n","protected":false},"excerpt":{"rendered":"<p>O Comit\u00e9 de Acompanhamento RUP reuniu-se nos dias 4 e 5 de junho, na Horta, A\u00e7ores, a fim de prosseguir os seus trabalhos. As regi\u00f5es fizeram o balan\u00e7o de todos os pr\u00f3ximos eventos em que participar\u00e3o, incluindo a Confer\u00eancia Copernicus que tem lugar nos dias 6 e 7 de junho, na Horta, e que vem [&hellip;]<\/p>\n","protected":false},"author":45,"featured_media":4476,"comment_status":"open","ping_status":"open","sticky":false,"template":"","format":"standard","meta":{"_acf_changed":false,"footnotes":"","_links_to":"","_links_to_target":""},"categories":[1],"tags":[],"class_list":["post-4479","post","type-post","status-publish","format-standard","has-post-thumbnail","hentry","category-sin-categoria"],"acf":[],"_links":{"self":[{"href":"https:\/\/www.cp-rup.com\/pt\/wp-json\/wp\/v2\/posts\/4479","targetHints":{"allow":["GET"]}}],"collection":[{"href":"https:\/\/www.cp-rup.com\/pt\/wp-json\/wp\/v2\/posts"}],"about":[{"href":"https:\/\/www.cp-rup.com\/pt\/wp-json\/wp\/v2\/types\/post"}],"author":[{"embeddable":true,"href":"https:\/\/www.cp-rup.com\/pt\/wp-json\/wp\/v2\/users\/45"}],"replies":[{"embeddable":true,"href":"https:\/\/www.cp-rup.com\/pt\/wp-json\/wp\/v2\/comments?post=4479"}],"version-history":[{"count":2,"href":"https:\/\/www.cp-rup.com\/pt\/wp-json\/wp\/v2\/posts\/4479\/revisions"}],"predecessor-version":[{"id":6244,"href":"https:\/\/www.cp-rup.com\/pt\/wp-json\/wp\/v2\/posts\/4479\/revisions\/6244"}],"wp:featuredmedia":[{"embeddable":true,"href":"https:\/\/www.cp-rup.com\/pt\/wp-json\/wp\/v2\/media\/4476"}],"wp:attachment":[{"href":"https:\/\/www.cp-rup.com\/pt\/wp-json\/wp\/v2\/media?parent=4479"}],"wp:term":[{"taxonomy":"category","embeddable":true,"href":"https:\/\/www.cp-rup.com\/pt\/wp-json\/wp\/v2\/categories?post=4479"},{"taxonomy":"post_tag","embeddable":true,"href":"https:\/\/www.cp-rup.com\/pt\/wp-json\/wp\/v2\/tags?post=4479"}],"curies":[{"name":"wp","href":"https:\/\/api.w.org\/{rel}","templated":true}]}}