{"id":4541,"date":"2019-07-18T15:09:55","date_gmt":"2019-07-18T15:09:55","guid":{"rendered":"https:\/\/cp-rup.com\/?p=4541"},"modified":"2021-03-20T01:17:31","modified_gmt":"2021-03-20T01:17:31","slug":"segunda-edicao-do-forum-das-regioes-ultraperifericas-para-os-assuntos-maritimos-e-pesca","status":"publish","type":"post","link":"https:\/\/www.cp-rup.com\/pt\/segunda-edicao-do-forum-das-regioes-ultraperifericas-para-os-assuntos-maritimos-e-pesca\/","title":{"rendered":"Segunda edi\u00e7\u00e3o do F\u00f3rum das Regi\u00f5es Ultraperif\u00e9ricas para os Assuntos Mar\u00edtimos e Pesca"},"content":{"rendered":"<p>A segunda edi\u00e7\u00e3o deste F\u00f3rum dedicado \u00e0 economia azul nas RUP e organizado pela DG MARE realizou-se em Bruxelas, em 9 de julho, nas instala\u00e7\u00f5es da Comiss\u00e3o Europeia, na presen\u00e7a do Comiss\u00e1rio Karmenu Vella e do Diretor-Geral, Jo\u00e3o Aguiar Machado.<\/p>\n<p>Este ano concentrou-se no aspeto social da economia azul, real\u00e7ando a import\u00e2ncia da forma\u00e7\u00e3o nas profiss\u00f5es mar\u00edtimas, bem como nas altera\u00e7\u00f5es clim\u00e1ticas, na bioeconomia azul e nas estrat\u00e9gias regionais no \u00e2mbito da economia azul, particularmente na perspetiva do per\u00edodo p\u00f3s-2020. Todas as RUP estiveram presentes e discutiram estes t\u00f3picos de import\u00e2ncia para as nossas regi\u00f5es.<\/p>\n","protected":false},"excerpt":{"rendered":"<p>A segunda edi\u00e7\u00e3o deste F\u00f3rum dedicado \u00e0 economia azul nas RUP e organizado pela DG MARE realizou-se em Bruxelas, em 9 de julho, nas instala\u00e7\u00f5es da Comiss\u00e3o Europeia, na presen\u00e7a do Comiss\u00e1rio Karmenu Vella e do Diretor-Geral, Jo\u00e3o Aguiar Machado. Este ano concentrou-se no aspeto social da economia azul, real\u00e7ando a import\u00e2ncia da forma\u00e7\u00e3o nas [&hellip;]<\/p>\n","protected":false},"author":45,"featured_media":4522,"comment_status":"open","ping_status":"open","sticky":false,"template":"","format":"standard","meta":{"_acf_changed":false,"footnotes":"","_links_to":"","_links_to_target":""},"categories":[1],"tags":[],"class_list":["post-4541","post","type-post","status-publish","format-standard","has-post-thumbnail","hentry","category-sin-categoria"],"acf":[],"_links":{"self":[{"href":"https:\/\/www.cp-rup.com\/pt\/wp-json\/wp\/v2\/posts\/4541","targetHints":{"allow":["GET"]}}],"collection":[{"href":"https:\/\/www.cp-rup.com\/pt\/wp-json\/wp\/v2\/posts"}],"about":[{"href":"https:\/\/www.cp-rup.com\/pt\/wp-json\/wp\/v2\/types\/post"}],"author":[{"embeddable":true,"href":"https:\/\/www.cp-rup.com\/pt\/wp-json\/wp\/v2\/users\/45"}],"replies":[{"embeddable":true,"href":"https:\/\/www.cp-rup.com\/pt\/wp-json\/wp\/v2\/comments?post=4541"}],"version-history":[{"count":6,"href":"https:\/\/www.cp-rup.com\/pt\/wp-json\/wp\/v2\/posts\/4541\/revisions"}],"predecessor-version":[{"id":6224,"href":"https:\/\/www.cp-rup.com\/pt\/wp-json\/wp\/v2\/posts\/4541\/revisions\/6224"}],"wp:featuredmedia":[{"embeddable":true,"href":"https:\/\/www.cp-rup.com\/pt\/wp-json\/wp\/v2\/media\/4522"}],"wp:attachment":[{"href":"https:\/\/www.cp-rup.com\/pt\/wp-json\/wp\/v2\/media?parent=4541"}],"wp:term":[{"taxonomy":"category","embeddable":true,"href":"https:\/\/www.cp-rup.com\/pt\/wp-json\/wp\/v2\/categories?post=4541"},{"taxonomy":"post_tag","embeddable":true,"href":"https:\/\/www.cp-rup.com\/pt\/wp-json\/wp\/v2\/tags?post=4541"}],"curies":[{"name":"wp","href":"https:\/\/api.w.org\/{rel}","templated":true}]}}