{"id":4544,"date":"2019-07-18T15:21:34","date_gmt":"2019-07-18T15:21:34","guid":{"rendered":"https:\/\/cp-rup.com\/?p=4544"},"modified":"2021-03-20T01:16:48","modified_gmt":"2021-03-20T01:16:48","slug":"reuniao-do-comite-de-acompanhamento-da-cprup","status":"publish","type":"post","link":"https:\/\/www.cp-rup.com\/pt\/reuniao-do-comite-de-acompanhamento-da-cprup\/","title":{"rendered":"Reuni\u00e3o do Comit\u00e9 de Acompanhamento da CPRUP"},"content":{"rendered":"<p>O Comit\u00e9 de Acompanhamento reuniu-se, nos dias 10 e 11 de julho, em Bruxelas. A agenda dos trabalhos centrou-se na coopera\u00e7\u00e3o territorial europeia p\u00f3s-2020, nos investimentos inter-regionais em mat\u00e9ria de inova\u00e7\u00e3o, no <em>workshop <\/em>da <em>REGIO<\/em> <em>Week<\/em> de 9 de outubro, na reuni\u00e3o dos Presidentes das RUP, a ter lugar em Bruxelas no pr\u00f3ximo m\u00eas de novembro e nas contribui\u00e7\u00f5es conjuntas no \u00e2mbito das consultas p\u00fablicas lan\u00e7adas pela Comiss\u00e3o Europeia em mat\u00e9ria de aux\u00edlios de Estado e da Rede Transeuropeia de Transportes (RTE-T).<\/p>\n<p><img loading=\"lazy\" decoding=\"async\" class=\"alignnone size-medium wp-image-4525\" src=\"https:\/\/cp-rup.com\/wp-content\/uploads\/2019\/07\/CDS-juillet-2-300x225.jpg\" alt=\"\" width=\"300\" height=\"225\" srcset=\"https:\/\/www.cp-rup.com\/wp-content\/uploads\/2019\/07\/CDS-juillet-2-300x225.jpg 300w, https:\/\/www.cp-rup.com\/wp-content\/uploads\/2019\/07\/CDS-juillet-2-768x576.jpg 768w, https:\/\/www.cp-rup.com\/wp-content\/uploads\/2019\/07\/CDS-juillet-2-1024x768.jpg 1024w, https:\/\/www.cp-rup.com\/wp-content\/uploads\/2019\/07\/CDS-juillet-2.jpg 1920w\" sizes=\"auto, (max-width: 300px) 100vw, 300px\" \/><\/p>\n","protected":false},"excerpt":{"rendered":"<p>O Comit\u00e9 de Acompanhamento reuniu-se, nos dias 10 e 11 de julho, em Bruxelas. A agenda dos trabalhos centrou-se na coopera\u00e7\u00e3o territorial europeia p\u00f3s-2020, nos investimentos inter-regionais em mat\u00e9ria de inova\u00e7\u00e3o, no workshop da REGIO Week de 9 de outubro, na reuni\u00e3o dos Presidentes das RUP, a ter lugar em Bruxelas no pr\u00f3ximo m\u00eas de [&hellip;]<\/p>\n","protected":false},"author":45,"featured_media":4526,"comment_status":"open","ping_status":"open","sticky":false,"template":"","format":"standard","meta":{"_acf_changed":false,"footnotes":"","_links_to":"","_links_to_target":""},"categories":[1],"tags":[],"class_list":["post-4544","post","type-post","status-publish","format-standard","has-post-thumbnail","hentry","category-sin-categoria"],"acf":[],"_links":{"self":[{"href":"https:\/\/www.cp-rup.com\/pt\/wp-json\/wp\/v2\/posts\/4544","targetHints":{"allow":["GET"]}}],"collection":[{"href":"https:\/\/www.cp-rup.com\/pt\/wp-json\/wp\/v2\/posts"}],"about":[{"href":"https:\/\/www.cp-rup.com\/pt\/wp-json\/wp\/v2\/types\/post"}],"author":[{"embeddable":true,"href":"https:\/\/www.cp-rup.com\/pt\/wp-json\/wp\/v2\/users\/45"}],"replies":[{"embeddable":true,"href":"https:\/\/www.cp-rup.com\/pt\/wp-json\/wp\/v2\/comments?post=4544"}],"version-history":[{"count":4,"href":"https:\/\/www.cp-rup.com\/pt\/wp-json\/wp\/v2\/posts\/4544\/revisions"}],"predecessor-version":[{"id":6222,"href":"https:\/\/www.cp-rup.com\/pt\/wp-json\/wp\/v2\/posts\/4544\/revisions\/6222"}],"wp:featuredmedia":[{"embeddable":true,"href":"https:\/\/www.cp-rup.com\/pt\/wp-json\/wp\/v2\/media\/4526"}],"wp:attachment":[{"href":"https:\/\/www.cp-rup.com\/pt\/wp-json\/wp\/v2\/media?parent=4544"}],"wp:term":[{"taxonomy":"category","embeddable":true,"href":"https:\/\/www.cp-rup.com\/pt\/wp-json\/wp\/v2\/categories?post=4544"},{"taxonomy":"post_tag","embeddable":true,"href":"https:\/\/www.cp-rup.com\/pt\/wp-json\/wp\/v2\/tags?post=4544"}],"curies":[{"name":"wp","href":"https:\/\/api.w.org\/{rel}","templated":true}]}}