{"id":4664,"date":"2019-10-14T10:42:18","date_gmt":"2019-10-14T10:42:18","guid":{"rendered":"https:\/\/cp-rup.com\/?p=4664"},"modified":"2021-03-20T01:07:11","modified_gmt":"2021-03-20T01:07:11","slug":"english-the-ors-participate-at-regio-week-in-brussels","status":"publish","type":"post","link":"https:\/\/www.cp-rup.com\/pt\/english-the-ors-participate-at-regio-week-in-brussels\/","title":{"rendered":"As RUP participam na Semana Europeia das Regi\u00f5es e dos Munic\u00edpios em Bruxelas"},"content":{"rendered":"<p><img loading=\"lazy\" decoding=\"async\" class=\"size-full wp-image-4685 alignright\" src=\"https:\/\/cp-rup.com\/wp-content\/uploads\/2019\/10\/REGIO-WEEK-5.jpg\" alt=\"\" width=\"319\" height=\"213\" srcset=\"https:\/\/www.cp-rup.com\/wp-content\/uploads\/2019\/10\/REGIO-WEEK-5.jpg 319w, https:\/\/www.cp-rup.com\/wp-content\/uploads\/2019\/10\/REGIO-WEEK-5-300x200.jpg 300w\" sizes=\"auto, (max-width: 319px) 100vw, 319px\" \/>A Semana Europeia das Regi\u00f5es e dos Munic\u00edpios (REGIO Week) \u00e9 um evento importante dedicado \u00e0s regi\u00f5es e munic\u00edpios europeus. Na abertura desta realiza\u00e7\u00e3o, as RUP participaram num evento de degusta\u00e7\u00e3o de produtos regionais, durante o qual muitos participantes tiveram oportunidade de descobrir v\u00e1rios produtos locais provenientes destas regi\u00f5es.<\/p>\n<p><img loading=\"lazy\" decoding=\"async\" class=\" wp-image-4686 alignleft\" src=\"https:\/\/cp-rup.com\/wp-content\/uploads\/2019\/10\/REGIO-WEEK-1--1024x684.jpg\" alt=\"\" width=\"353\" height=\"236\" srcset=\"https:\/\/www.cp-rup.com\/wp-content\/uploads\/2019\/10\/REGIO-WEEK-1--1024x684.jpg 1024w, https:\/\/www.cp-rup.com\/wp-content\/uploads\/2019\/10\/REGIO-WEEK-1--300x200.jpg 300w, https:\/\/www.cp-rup.com\/wp-content\/uploads\/2019\/10\/REGIO-WEEK-1--768x513.jpg 768w, https:\/\/www.cp-rup.com\/wp-content\/uploads\/2019\/10\/REGIO-WEEK-1-.jpg 2048w\" sizes=\"auto, (max-width: 353px) 100vw, 353px\" \/><\/p>\n<p>&nbsp;<\/p>\n<p>&nbsp;<\/p>\n<p>No dia 9 de outubro, foi organizado, pela Confer\u00eancia dos Presidentes em parceira com a Comiss\u00e3o Europeia (Unidade das RUP da DG REGIO), um workshop sobre cadeias de inova\u00e7\u00e3o e de valor nas RUP. Este workshop permitiu partilhar boas pr\u00e1ticas e experi\u00eancias a n\u00edvel de coopera\u00e7\u00e3o inter-regional e discutir as oportunidades decorrentes de futuros programas europeus, tais como o Horizonte Europa e os investimentos inter-regionais de inova\u00e7\u00e3o (conhecidos como Componente 5), na perspetiva de desenvolver as referidas cadeias de valor.<\/p>\n","protected":false},"excerpt":{"rendered":"<p>A Semana Europeia das Regi\u00f5es e dos Munic\u00edpios (REGIO Week) \u00e9 um evento importante dedicado \u00e0s regi\u00f5es e munic\u00edpios europeus. Na abertura desta realiza\u00e7\u00e3o, as RUP participaram num evento de degusta\u00e7\u00e3o de produtos regionais, durante o qual muitos participantes tiveram oportunidade de descobrir v\u00e1rios produtos locais provenientes destas regi\u00f5es. &nbsp; &nbsp; No dia 9 de [&hellip;]<\/p>\n","protected":false},"author":45,"featured_media":4683,"comment_status":"open","ping_status":"open","sticky":false,"template":"","format":"standard","meta":{"_acf_changed":false,"footnotes":"","_links_to":"","_links_to_target":""},"categories":[1],"tags":[],"class_list":["post-4664","post","type-post","status-publish","format-standard","has-post-thumbnail","hentry","category-sin-categoria"],"acf":[],"_links":{"self":[{"href":"https:\/\/www.cp-rup.com\/pt\/wp-json\/wp\/v2\/posts\/4664","targetHints":{"allow":["GET"]}}],"collection":[{"href":"https:\/\/www.cp-rup.com\/pt\/wp-json\/wp\/v2\/posts"}],"about":[{"href":"https:\/\/www.cp-rup.com\/pt\/wp-json\/wp\/v2\/types\/post"}],"author":[{"embeddable":true,"href":"https:\/\/www.cp-rup.com\/pt\/wp-json\/wp\/v2\/users\/45"}],"replies":[{"embeddable":true,"href":"https:\/\/www.cp-rup.com\/pt\/wp-json\/wp\/v2\/comments?post=4664"}],"version-history":[{"count":16,"href":"https:\/\/www.cp-rup.com\/pt\/wp-json\/wp\/v2\/posts\/4664\/revisions"}],"predecessor-version":[{"id":6193,"href":"https:\/\/www.cp-rup.com\/pt\/wp-json\/wp\/v2\/posts\/4664\/revisions\/6193"}],"wp:featuredmedia":[{"embeddable":true,"href":"https:\/\/www.cp-rup.com\/pt\/wp-json\/wp\/v2\/media\/4683"}],"wp:attachment":[{"href":"https:\/\/www.cp-rup.com\/pt\/wp-json\/wp\/v2\/media?parent=4664"}],"wp:term":[{"taxonomy":"category","embeddable":true,"href":"https:\/\/www.cp-rup.com\/pt\/wp-json\/wp\/v2\/categories?post=4664"},{"taxonomy":"post_tag","embeddable":true,"href":"https:\/\/www.cp-rup.com\/pt\/wp-json\/wp\/v2\/tags?post=4664"}],"curies":[{"name":"wp","href":"https:\/\/api.w.org\/{rel}","templated":true}]}}