{"id":4829,"date":"2019-11-19T11:56:04","date_gmt":"2019-11-19T11:56:04","guid":{"rendered":"https:\/\/cp-rup.com\/?p=4829"},"modified":"2021-03-20T01:00:04","modified_gmt":"2021-03-20T01:00:04","slug":"francais-reunion-de-mi-parcours-des-presidents-des-rup-et-rencontre-avec-la-presidence-du-conseil","status":"publish","type":"post","link":"https:\/\/www.cp-rup.com\/pt\/francais-reunion-de-mi-parcours-des-presidents-des-rup-et-rencontre-avec-la-presidence-du-conseil\/","title":{"rendered":"Reuni\u00e3o intercalar dos Presidentes das RUP e reuni\u00e3o com a Presid\u00eancia do Conselho"},"content":{"rendered":"<p>Os Presidentes das Regi\u00f5es Ultraperif\u00e9ricas e os seus representantes reuniram-se esta segunda-feira, dia 18 de novembro, em Bruxelas, com a Presid\u00eancia finlandesa do Conselho da Uni\u00e3o Europeia para debater os principais desafios que as RUP enfrentam no contexto das negocia\u00e7\u00f5es do pr\u00f3ximo Quadro Financeiro Plurianual.<\/p>\n<p>Ao longo deste encontro n\u00e3o s\u00f3 foram sublinhadas as nossas especificidades e desafios socioecon\u00f3micos, como tamb\u00e9m as vantagens que as nossas Regi\u00f5es representam para UE, e, ainda, a necessidade de se adotar, para o pr\u00f3ximo per\u00edodo de programa\u00e7\u00e3o, um or\u00e7amento ambicioso dotado de medidas apropriadas que permitam dar resposta a estes desafios e valorizar o ativo que as RUP representam.<\/p>\n<p>Para al\u00e9m deste encontro os Presidentes das RUP, reunidos em sess\u00e3o interna, discutiram as negocia\u00e7\u00f5es em curso para o Quadro Financeiro Plurianual 2021-2027 e adotaram uma Declara\u00e7\u00e3o Pol\u00edtica Conjunta, dispon\u00edvel na biblioteca deste site. A Coopera\u00e7\u00e3o Territorial Europeia p\u00f3s 2020 e a Declara\u00e7\u00e3o Final da 24\u00aa Confer\u00eancia dos Presidentes das RUP, que ter\u00e1 lugar a 6 e 7 de fevereiro de 2020, em Saint-Martin, tamb\u00e9m foram temas abordados.<\/p>\n","protected":false},"excerpt":{"rendered":"<p>Os Presidentes das Regi\u00f5es Ultraperif\u00e9ricas e os seus representantes reuniram-se esta segunda-feira, dia 18 de novembro, em Bruxelas, com a Presid\u00eancia finlandesa do Conselho da Uni\u00e3o Europeia para debater os principais desafios que as RUP enfrentam no contexto das negocia\u00e7\u00f5es do pr\u00f3ximo Quadro Financeiro Plurianual. Ao longo deste encontro n\u00e3o s\u00f3 foram sublinhadas as nossas [&hellip;]<\/p>\n","protected":false},"author":45,"featured_media":4833,"comment_status":"open","ping_status":"open","sticky":false,"template":"","format":"standard","meta":{"_acf_changed":false,"footnotes":"","_links_to":"","_links_to_target":""},"categories":[1],"tags":[],"class_list":["post-4829","post","type-post","status-publish","format-standard","has-post-thumbnail","hentry","category-sin-categoria"],"acf":[],"_links":{"self":[{"href":"https:\/\/www.cp-rup.com\/pt\/wp-json\/wp\/v2\/posts\/4829","targetHints":{"allow":["GET"]}}],"collection":[{"href":"https:\/\/www.cp-rup.com\/pt\/wp-json\/wp\/v2\/posts"}],"about":[{"href":"https:\/\/www.cp-rup.com\/pt\/wp-json\/wp\/v2\/types\/post"}],"author":[{"embeddable":true,"href":"https:\/\/www.cp-rup.com\/pt\/wp-json\/wp\/v2\/users\/45"}],"replies":[{"embeddable":true,"href":"https:\/\/www.cp-rup.com\/pt\/wp-json\/wp\/v2\/comments?post=4829"}],"version-history":[{"count":2,"href":"https:\/\/www.cp-rup.com\/pt\/wp-json\/wp\/v2\/posts\/4829\/revisions"}],"predecessor-version":[{"id":6179,"href":"https:\/\/www.cp-rup.com\/pt\/wp-json\/wp\/v2\/posts\/4829\/revisions\/6179"}],"wp:featuredmedia":[{"embeddable":true,"href":"https:\/\/www.cp-rup.com\/pt\/wp-json\/wp\/v2\/media\/4833"}],"wp:attachment":[{"href":"https:\/\/www.cp-rup.com\/pt\/wp-json\/wp\/v2\/media?parent=4829"}],"wp:term":[{"taxonomy":"category","embeddable":true,"href":"https:\/\/www.cp-rup.com\/pt\/wp-json\/wp\/v2\/categories?post=4829"},{"taxonomy":"post_tag","embeddable":true,"href":"https:\/\/www.cp-rup.com\/pt\/wp-json\/wp\/v2\/tags?post=4829"}],"curies":[{"name":"wp","href":"https:\/\/api.w.org\/{rel}","templated":true}]}}