{"id":4914,"date":"2020-01-03T16:09:49","date_gmt":"2020-01-03T16:09:49","guid":{"rendered":"https:\/\/cp-rup.com\/?p=4914"},"modified":"2021-03-20T00:54:27","modified_gmt":"2021-03-20T00:54:27","slug":"francais-la-24eme-conference-des-presidents-des-regions-ultraperipheriques-a-saint-martin","status":"publish","type":"post","link":"https:\/\/www.cp-rup.com\/pt\/francais-la-24eme-conference-des-presidents-des-regions-ultraperipheriques-a-saint-martin\/","title":{"rendered":"XXIV Confer\u00eancia dos Presidentes das Regi\u00f5es Ultraperif\u00e9ricas em Saint-Martin"},"content":{"rendered":"<p>A XXIV Confer\u00eancia dos Presidentes das Regi\u00f5es Ultraperif\u00e9ricas ter\u00e1 lugar em Saint-Martin de 5 a 8 de fevereiro de 2020. Esta Confer\u00eancia marca o fim da presid\u00eancia da Coletividade de Saint-Martin, iniciada em novembro de 2020 e dar\u00e1 in\u00edcio \u00e0 presid\u00eancia de Maiote.<\/p>\n<p>A Confer\u00eancia constitui um momento importante de di\u00e1logo e de troca de pontos de vista com os nossos parceiros europeus e com os nossos Estados, particularmente relevante neste per\u00edodo de renova\u00e7\u00e3o institucional e de negocia\u00e7\u00f5es para o p\u00f3s-2020.<\/p>\n","protected":false},"excerpt":{"rendered":"<p>A XXIV Confer\u00eancia dos Presidentes das Regi\u00f5es Ultraperif\u00e9ricas ter\u00e1 lugar em Saint-Martin de 5 a 8 de fevereiro de 2020. Esta Confer\u00eancia marca o fim da presid\u00eancia da Coletividade de Saint-Martin, iniciada em novembro de 2020 e dar\u00e1 in\u00edcio \u00e0 presid\u00eancia de Maiote. A Confer\u00eancia constitui um momento importante de di\u00e1logo e de troca de [&hellip;]<\/p>\n","protected":false},"author":45,"featured_media":4535,"comment_status":"open","ping_status":"open","sticky":false,"template":"","format":"standard","meta":{"_acf_changed":false,"footnotes":"","_links_to":"","_links_to_target":""},"categories":[1],"tags":[],"class_list":["post-4914","post","type-post","status-publish","format-standard","has-post-thumbnail","hentry","category-sin-categoria"],"acf":[],"_links":{"self":[{"href":"https:\/\/www.cp-rup.com\/pt\/wp-json\/wp\/v2\/posts\/4914","targetHints":{"allow":["GET"]}}],"collection":[{"href":"https:\/\/www.cp-rup.com\/pt\/wp-json\/wp\/v2\/posts"}],"about":[{"href":"https:\/\/www.cp-rup.com\/pt\/wp-json\/wp\/v2\/types\/post"}],"author":[{"embeddable":true,"href":"https:\/\/www.cp-rup.com\/pt\/wp-json\/wp\/v2\/users\/45"}],"replies":[{"embeddable":true,"href":"https:\/\/www.cp-rup.com\/pt\/wp-json\/wp\/v2\/comments?post=4914"}],"version-history":[{"count":5,"href":"https:\/\/www.cp-rup.com\/pt\/wp-json\/wp\/v2\/posts\/4914\/revisions"}],"predecessor-version":[{"id":6166,"href":"https:\/\/www.cp-rup.com\/pt\/wp-json\/wp\/v2\/posts\/4914\/revisions\/6166"}],"wp:featuredmedia":[{"embeddable":true,"href":"https:\/\/www.cp-rup.com\/pt\/wp-json\/wp\/v2\/media\/4535"}],"wp:attachment":[{"href":"https:\/\/www.cp-rup.com\/pt\/wp-json\/wp\/v2\/media?parent=4914"}],"wp:term":[{"taxonomy":"category","embeddable":true,"href":"https:\/\/www.cp-rup.com\/pt\/wp-json\/wp\/v2\/categories?post=4914"},{"taxonomy":"post_tag","embeddable":true,"href":"https:\/\/www.cp-rup.com\/pt\/wp-json\/wp\/v2\/tags?post=4914"}],"curies":[{"name":"wp","href":"https:\/\/api.w.org\/{rel}","templated":true}]}}