{"id":4943,"date":"2020-02-11T14:23:26","date_gmt":"2020-02-11T14:23:26","guid":{"rendered":"https:\/\/cp-rup.com\/?p=4943"},"modified":"2021-03-20T00:52:11","modified_gmt":"2021-03-20T00:52:11","slug":"francais-24eme-conference-des-presidents-des-rup-passation-de-la-presidence-au-conseil-departemental-de-mayotte","status":"publish","type":"post","link":"https:\/\/www.cp-rup.com\/pt\/francais-24eme-conference-des-presidents-des-rup-passation-de-la-presidence-au-conseil-departemental-de-mayotte\/","title":{"rendered":"XXIV Confer\u00eancia dos Presidentes das RUP: passagem da Presid\u00eancia a Maiote"},"content":{"rendered":"<p>A XXIV Confer\u00eancia dos Presidentes das RUP teve lugar em Saint Martin, de 5 a 8 de fevereiro de 2020, uma reuni\u00e3o particularmente relevante no momento em que as negocia\u00e7\u00f5es sobre o pr\u00f3ximo Quadro Financeiro Plurianual (QFP) entram nas suas fases finais.<\/p>\n<p>Esta reuni\u00e3o reuniu todas as RUP e os seus representantes, mas tamb\u00e9m representantes da Comiss\u00e3o Europeia, do Parlamento Europeu e dos Estados-Membros de perten\u00e7a destas regi\u00f5es. Nesta ocasi\u00e3o, as RUP adotaram a Declara\u00e7\u00e3o Final desta XXIV Confer\u00eancia, na qual recordam a necessidade de uma plena aplica\u00e7\u00e3o do artigo 349\u00ba do TFUE no quadro da atual reforma das pol\u00edticas europeias para o per\u00edodo p\u00f3s-2020, a fim de garantir a ado\u00e7\u00e3o disposi\u00e7\u00f5es regulamentares e or\u00e7amentais refor\u00e7adas e adaptadas \u00e0s RUP. Reiteram igualmente seu compromisso em prosseguir o trabalho realizado em estreita colabora\u00e7\u00e3o com as institui\u00e7\u00f5es europeias, no \u00e2mbito de uma parceria refor\u00e7ada.<\/p>\n<p>A Confer\u00eancia terminou com a passagem da Presid\u00eancia a Maiote, que a assume at\u00e9 27 de novembro de 2020.<\/p>\n<p>A Declara\u00e7\u00e3o Final est\u00e1 dispon\u00edvel na nossa biblioteca.<\/p>\n","protected":false},"excerpt":{"rendered":"<p>A XXIV Confer\u00eancia dos Presidentes das RUP teve lugar em Saint Martin, de 5 a 8 de fevereiro de 2020, uma reuni\u00e3o particularmente relevante no momento em que as negocia\u00e7\u00f5es sobre o pr\u00f3ximo Quadro Financeiro Plurianual (QFP) entram nas suas fases finais. Esta reuni\u00e3o reuniu todas as RUP e os seus representantes, mas tamb\u00e9m representantes [&hellip;]<\/p>\n","protected":false},"author":45,"featured_media":4944,"comment_status":"open","ping_status":"open","sticky":false,"template":"","format":"standard","meta":{"_acf_changed":false,"footnotes":"","_links_to":"","_links_to_target":""},"categories":[1],"tags":[82],"class_list":["post-4943","post","type-post","status-publish","format-standard","has-post-thumbnail","hentry","category-sin-categoria","tag-rup"],"acf":[],"_links":{"self":[{"href":"https:\/\/www.cp-rup.com\/pt\/wp-json\/wp\/v2\/posts\/4943","targetHints":{"allow":["GET"]}}],"collection":[{"href":"https:\/\/www.cp-rup.com\/pt\/wp-json\/wp\/v2\/posts"}],"about":[{"href":"https:\/\/www.cp-rup.com\/pt\/wp-json\/wp\/v2\/types\/post"}],"author":[{"embeddable":true,"href":"https:\/\/www.cp-rup.com\/pt\/wp-json\/wp\/v2\/users\/45"}],"replies":[{"embeddable":true,"href":"https:\/\/www.cp-rup.com\/pt\/wp-json\/wp\/v2\/comments?post=4943"}],"version-history":[{"count":2,"href":"https:\/\/www.cp-rup.com\/pt\/wp-json\/wp\/v2\/posts\/4943\/revisions"}],"predecessor-version":[{"id":6159,"href":"https:\/\/www.cp-rup.com\/pt\/wp-json\/wp\/v2\/posts\/4943\/revisions\/6159"}],"wp:featuredmedia":[{"embeddable":true,"href":"https:\/\/www.cp-rup.com\/pt\/wp-json\/wp\/v2\/media\/4944"}],"wp:attachment":[{"href":"https:\/\/www.cp-rup.com\/pt\/wp-json\/wp\/v2\/media?parent=4943"}],"wp:term":[{"taxonomy":"category","embeddable":true,"href":"https:\/\/www.cp-rup.com\/pt\/wp-json\/wp\/v2\/categories?post=4943"},{"taxonomy":"post_tag","embeddable":true,"href":"https:\/\/www.cp-rup.com\/pt\/wp-json\/wp\/v2\/tags?post=4943"}],"curies":[{"name":"wp","href":"https:\/\/api.w.org\/{rel}","templated":true}]}}