{"id":5581,"date":"2020-11-27T10:53:30","date_gmt":"2020-11-27T10:53:30","guid":{"rendered":"https:\/\/cp-rup.com\/?p=5581"},"modified":"2021-05-12T11:47:33","modified_gmt":"2021-05-12T11:47:33","slug":"portugues-acores-assumem-presidencia-da-conferencia-das-regioes-ultraperifericas-da-uniao-europeia","status":"publish","type":"post","link":"https:\/\/www.cp-rup.com\/pt\/portugues-acores-assumem-presidencia-da-conferencia-das-regioes-ultraperifericas-da-uniao-europeia\/","title":{"rendered":"A\u00e7ores assumem Presid\u00eancia da Confer\u00eancia das Regi\u00f5es Ultraperif\u00e9ricas da Uni\u00e3o Europeia"},"content":{"rendered":"<p>27 de novembro de 2020<\/p>\n<p>O Presidente do Governo Regional dos A\u00e7ores, Jos\u00e9 Manuel Bolieiro, destacou hoje, em Ponta Delgada, o \u201csentido de responsabilidade com que os A\u00e7ores assumem a Presid\u00eancia da Confer\u00eancia das Regi\u00f5es Ultraperif\u00e9ricas da Uni\u00e3o Europeia\u201d, consciente, por um lado, \u201cdo elevado n\u00edvel a que as presid\u00eancias anteriores nos habituaram\u201d e, por outro, \u201cdos enormes desafios com que os tempos de pandemia em que vivemos nos confrontam, com fortes impactos na nossa economia e nas nossas popula\u00e7\u00f5es.\u201d<\/p>\n<p>No discurso de passagem de testemunho da Presid\u00eancia das RUP, realizado por videoconfer\u00eancia, Jos\u00e9 Manuel Bolieiro teceu agradecimentos \u00e0 lideran\u00e7a do Presidente Ramadani e da sua equipa, de Mayotte, \u201cpelo enorme trabalho desenvolvido num per\u00edodo t\u00e3o dif\u00edcil, mas que tamb\u00e9m foi tempo de algumas boas not\u00edcias ao n\u00edvel do pr\u00f3ximo Quadro Financeiro Plurianual e do Mecanismo de Recupera\u00e7\u00e3o e Resili\u00eancia, sublinhando que o que foi alcan\u00e7ado \u201cinspira-me e motiva-me para esta presid\u00eancia, mas, ao mesmo tempo, enche-me de responsabilidade e foco.\u201d<\/p>\n<p>De acordo com o Presidente do Governo, o programa de a\u00e7\u00e3o que se est\u00e1 a preparar assenta em dois registos nucleares, nomeadamente, em primeiro lugar, \u201ca salvaguarda do adquirido comunit\u00e1rio que nos diz respeito e das importantes conquistas que temos vindo a protagonizar em conjunto\u201d e, em segundo, \u201cpela procura de uma nova estrat\u00e9gia europeia para as RUP, uma estrat\u00e9gia integral, capaz de se abrir aos v\u00e1rios dom\u00ednios da vida contempor\u00e2nea, capaz de assegurar a converg\u00eancia das nossas regi\u00f5es com a Uni\u00e3o Europeia e, por essa via, o cumprimento da igual dignidade e da cidadania europeia plena das nossas comunidades.\u201d<\/p>\n<p>O chefe do Executivo a\u00e7oriano real\u00e7ou que, por um lado, \u201cprocuraremos trazer a Europa para os A\u00e7ores e para as demais Regi\u00f5es Ultraperif\u00e9ricas, promovendo uma presen\u00e7a ainda maior da Uni\u00e3o e das Regi\u00f5es Ultraperif\u00e9ricas no quotidiano das nossas comunidades, come\u00e7ando pelos mais jovens, que s\u00e3o o nosso futuro, e pelas escolas.\u201d<\/p>\n<p>Por outro lado, acentuar uma presen\u00e7a ainda maior das Regi\u00f5es Ultraperif\u00e9ricas na agenda europeia, sendo que, para esse objetivo, \u201ca Associa\u00e7\u00e3o da Confer\u00eancia dos Presidentes das Regi\u00f5es Ultraperif\u00e9ricas da Uni\u00e3o Europeia ir\u00e1, sem d\u00favida, continuar a constituir um instrumento importante e um precioso catalisador da nossa a\u00e7\u00e3o.\u201d<\/p>\n<p>\u201cPropomo-nos a criar um Laborat\u00f3rio de Investiga\u00e7\u00e3o RUP que, para al\u00e9m de reunir as nossas Universidades, estender-se-\u00e1 tamb\u00e9m aos Institutos Superiores, bem como os cong\u00e9neres continentais dispon\u00edveis para colaborar connosco na assessoria cient\u00edfica da nossa atua\u00e7\u00e3o e na acumula\u00e7\u00e3o da massa cr\u00edtica\u201d, garantiu o Presidente do Governo, destacando \u201cas condi\u00e7\u00f5es \u00fanicas que dispomos, desde logo no ambiente, ci\u00eancia, tecnologia, investiga\u00e7\u00e3o, economia azul, circular, verde, entre tantas outras \u00e1reas.\u201d<\/p>\n<p>Segundo Jos\u00e9 Manuel Bolieiro, em tempos de pandemia, \u201cimporta, mais do que nunca, fazer face \u00e0s fragilidades acrescidas que caracterizam as nossas regi\u00f5es, na economia e na sa\u00fade, tal como no emprego, na educa\u00e7\u00e3o e na cultura, em particular\u201d, sendo necess\u00e1rio igualmente \u201cretirar o devido proveito das evidentes mais-valias que apresentamos e apostar igualmente na economia azul e na economia verde, nas energias renov\u00e1veis, na monitoriza\u00e7\u00e3o, combate e mitiga\u00e7\u00e3o das altera\u00e7\u00f5es clim\u00e1ticas.\u201d<\/p>\n<p>Em termos geoestrat\u00e9gicos, Jos\u00e9 Manuel Bolieiro sublinhou \u201co estabelecimento de pontes entre civiliza\u00e7\u00f5es e a proje\u00e7\u00e3o para o mundo dos valores fundamentais em que o projeto europeu se alicer\u00e7a: da paz, dos direitos humanos, do Estado democr\u00e1tico e de direito, da coopera\u00e7\u00e3o transfronteiri\u00e7a, entre outros.\u201d<\/p>\n<p>Jos\u00e9 Manuel Bolieiro sublinhou tamb\u00e9m a honra e o simbolismo do seu primeiro ato oficial como Presidente do Governo, assegurando que ser\u00e1 \u201cintransigente na promo\u00e7\u00e3o das nossas potencialidades e na defesa dos nossos interesses e especificidades.\u201d<\/p>\n<p>FONTE:\u00a0<a href=\"https:\/\/portal.azores.gov.pt\/web\/comunicacao\/news-detail?id=2335946\">https:\/\/portal.azores.gov.pt\/web\/comunicacao\/news-detail?id=2335946<\/a><\/p>\n","protected":false},"excerpt":{"rendered":"<p>27 de novembro de 2020 O Presidente do Governo Regional dos A\u00e7ores, Jos\u00e9 Manuel Bolieiro, destacou hoje, em Ponta Delgada, o \u201csentido de responsabilidade com que os A\u00e7ores assumem a Presid\u00eancia da Confer\u00eancia das Regi\u00f5es Ultraperif\u00e9ricas da Uni\u00e3o Europeia\u201d, consciente, por um lado, \u201cdo elevado n\u00edvel a que as presid\u00eancias anteriores nos habituaram\u201d e, por [&hellip;]<\/p>\n","protected":false},"author":37,"featured_media":5576,"comment_status":"open","ping_status":"open","sticky":false,"template":"","format":"standard","meta":{"_acf_changed":false,"footnotes":"","_links_to":"","_links_to_target":""},"categories":[1],"tags":[],"class_list":["post-5581","post","type-post","status-publish","format-standard","has-post-thumbnail","hentry","category-sin-categoria"],"acf":[],"_links":{"self":[{"href":"https:\/\/www.cp-rup.com\/pt\/wp-json\/wp\/v2\/posts\/5581","targetHints":{"allow":["GET"]}}],"collection":[{"href":"https:\/\/www.cp-rup.com\/pt\/wp-json\/wp\/v2\/posts"}],"about":[{"href":"https:\/\/www.cp-rup.com\/pt\/wp-json\/wp\/v2\/types\/post"}],"author":[{"embeddable":true,"href":"https:\/\/www.cp-rup.com\/pt\/wp-json\/wp\/v2\/users\/37"}],"replies":[{"embeddable":true,"href":"https:\/\/www.cp-rup.com\/pt\/wp-json\/wp\/v2\/comments?post=5581"}],"version-history":[{"count":5,"href":"https:\/\/www.cp-rup.com\/pt\/wp-json\/wp\/v2\/posts\/5581\/revisions"}],"predecessor-version":[{"id":7093,"href":"https:\/\/www.cp-rup.com\/pt\/wp-json\/wp\/v2\/posts\/5581\/revisions\/7093"}],"wp:featuredmedia":[{"embeddable":true,"href":"https:\/\/www.cp-rup.com\/pt\/wp-json\/wp\/v2\/media\/5576"}],"wp:attachment":[{"href":"https:\/\/www.cp-rup.com\/pt\/wp-json\/wp\/v2\/media?parent=5581"}],"wp:term":[{"taxonomy":"category","embeddable":true,"href":"https:\/\/www.cp-rup.com\/pt\/wp-json\/wp\/v2\/categories?post=5581"},{"taxonomy":"post_tag","embeddable":true,"href":"https:\/\/www.cp-rup.com\/pt\/wp-json\/wp\/v2\/tags?post=5581"}],"curies":[{"name":"wp","href":"https:\/\/api.w.org\/{rel}","templated":true}]}}