{"id":6155,"date":"2020-07-14T00:50:09","date_gmt":"2020-07-14T00:50:09","guid":{"rendered":"https:\/\/cp-rup.com\/?p=6155"},"modified":"2021-03-24T19:27:08","modified_gmt":"2021-03-24T19:27:08","slug":"encontro-da-conferencia-de-presidentes-das-regioes-ultraperifericas","status":"publish","type":"post","link":"https:\/\/www.cp-rup.com\/pt\/encontro-da-conferencia-de-presidentes-das-regioes-ultraperifericas\/","title":{"rendered":"Encontro da Confer\u00eancia de Presidentes das Regi\u00f5es Ultraperif\u00e9ricas"},"content":{"rendered":"<p>A Confer\u00eancia de Presidentes das Regi\u00f5es Ultraperif\u00e9ricas (CPRUP), cuja presid\u00eancia \u00e9 atualmente exercida pela regi\u00e3o francesa de Maiote, organiza, no pr\u00f3ximo dia 15 de julho de 2020, uma reuni\u00e3o virtual dos seus Presidentes, antes do Conselho Europeu que decorrer\u00e1 a 17 e 18 de julho, no qual os Chefes de Estado ou de Governo da UE dever\u00e3o chegar a acordo sobre o plano de recupera\u00e7\u00e3o da UE e o or\u00e7amento da UE para o pr\u00f3ximo per\u00edodo de programa\u00e7\u00e3o.<br \/>\nO objetivo deste encontro \u00e9 o de adotar a posi\u00e7\u00e3o conjunta da CPRUP sobre a \u201cRetoma e Resili\u00eancia das Regi\u00f5es Ultraperif\u00e9ricas ap\u00f3s a COVID-19\u201d. Tal como j\u00e1 dera conta em comunica\u00e7\u00e3o de 7 de abril de 2020 \u00e0s institui\u00e7\u00f5es Europeias, a Confer\u00eancia pretende alertar para a realidade das RUP, face \u00e0 crise sanit\u00e1ria, econ\u00f3mica e social resultante da pandemia da COVID-19. Para as RUP esta ser\u00e1 igualmente ocasi\u00e3o de reiterar as suas reivindica\u00e7\u00f5es, expressas em fevereiro \u00faltimo, em rela\u00e7\u00e3o ao pr\u00f3ximo quadro financeiro plurianual, nomeadamente sobre a necessidade de colocar a Pol\u00edtica de Coes\u00e3o no centro do futuro or\u00e7amento da UE.<\/p>\n<p>Estas mat\u00e9rias ser\u00e3o discutidas com a Comiss\u00e1ria Europeia da Coes\u00e3o e Reformas, Elisa Ferreira, e com o Presidente da Comiss\u00e3o de Pol\u00edtica Regional do Parlamento Europeu, Younous Omarjee.<\/p>\n<p>Esta reuni\u00e3o constitui um momento significativo da Presid\u00eancia de Maiote, no quadro da CPRUP, e coloca a quest\u00e3o da ultraperiferia no centro do da retoma europeia.<\/p>\n","protected":false},"excerpt":{"rendered":"<p>A Confer\u00eancia de Presidentes das Regi\u00f5es Ultraperif\u00e9ricas (CPRUP), cuja presid\u00eancia \u00e9 atualmente exercida pela regi\u00e3o francesa de Maiote, organiza, no pr\u00f3ximo dia 15 de julho de 2020, uma reuni\u00e3o virtual dos seus Presidentes, antes do Conselho Europeu que decorrer\u00e1 a 17 e 18 de julho, no qual os Chefes de Estado ou de Governo da [&hellip;]<\/p>\n","protected":false},"author":37,"featured_media":4984,"comment_status":"open","ping_status":"open","sticky":false,"template":"","format":"standard","meta":{"_acf_changed":false,"footnotes":"","_links_to":"","_links_to_target":""},"categories":[1],"tags":[],"class_list":["post-6155","post","type-post","status-publish","format-standard","has-post-thumbnail","hentry","category-sin-categoria"],"acf":[],"_links":{"self":[{"href":"https:\/\/www.cp-rup.com\/pt\/wp-json\/wp\/v2\/posts\/6155","targetHints":{"allow":["GET"]}}],"collection":[{"href":"https:\/\/www.cp-rup.com\/pt\/wp-json\/wp\/v2\/posts"}],"about":[{"href":"https:\/\/www.cp-rup.com\/pt\/wp-json\/wp\/v2\/types\/post"}],"author":[{"embeddable":true,"href":"https:\/\/www.cp-rup.com\/pt\/wp-json\/wp\/v2\/users\/37"}],"replies":[{"embeddable":true,"href":"https:\/\/www.cp-rup.com\/pt\/wp-json\/wp\/v2\/comments?post=6155"}],"version-history":[{"count":1,"href":"https:\/\/www.cp-rup.com\/pt\/wp-json\/wp\/v2\/posts\/6155\/revisions"}],"predecessor-version":[{"id":6156,"href":"https:\/\/www.cp-rup.com\/pt\/wp-json\/wp\/v2\/posts\/6155\/revisions\/6156"}],"wp:featuredmedia":[{"embeddable":true,"href":"https:\/\/www.cp-rup.com\/pt\/wp-json\/wp\/v2\/media\/4984"}],"wp:attachment":[{"href":"https:\/\/www.cp-rup.com\/pt\/wp-json\/wp\/v2\/media?parent=6155"}],"wp:term":[{"taxonomy":"category","embeddable":true,"href":"https:\/\/www.cp-rup.com\/pt\/wp-json\/wp\/v2\/categories?post=6155"},{"taxonomy":"post_tag","embeddable":true,"href":"https:\/\/www.cp-rup.com\/pt\/wp-json\/wp\/v2\/tags?post=6155"}],"curies":[{"name":"wp","href":"https:\/\/api.w.org\/{rel}","templated":true}]}}