{"id":7187,"date":"2021-05-28T15:13:52","date_gmt":"2021-05-28T15:13:52","guid":{"rendered":"https:\/\/cp-rup.com\/?p=7187"},"modified":"2021-06-02T15:20:20","modified_gmt":"2021-06-02T15:20:20","slug":"declaracao-dos-acores-e-o-reforca-da-voz-das-regioes-ultraperifericas-do-poder-regional-e-do-poder-local-nas-opcoes-que-determinarao-o-futuro","status":"publish","type":"post","link":"https:\/\/www.cp-rup.com\/pt\/declaracao-dos-acores-e-o-reforca-da-voz-das-regioes-ultraperifericas-do-poder-regional-e-do-poder-local-nas-opcoes-que-determinarao-o-futuro\/","title":{"rendered":"Declara\u00e7\u00e3o dos A\u00e7ores e o refor\u00e7a da voz das Regi\u00f5es Ultraperif\u00e9ricas, do poder regional e do poder local nas op\u00e7\u00f5es que determinar\u00e3o o futuro."},"content":{"rendered":"<h4><strong>Ponta Delgada, 28 de maio 2021<\/strong><\/h4>\n<p>&nbsp;<\/p>\n<p>O Comit\u00e9 das Regi\u00f5es Europeu adotou, a 28 de maio de 2021, \u00abDeclara\u00e7\u00e3o dos A\u00e7ores\u00bb, intitulada \u201cCombater os efeitos da pandemia de COVID-19 atrav\u00e9s de uma parceria estrat\u00e9gica com os \u00f3rg\u00e3os de poder local e regional\u201d, no encontro da Mesa Pol\u00edtica que reuniu virtualmente na Regi\u00e3o Aut\u00f3noma dos A\u00e7ores.<\/p>\n<p>Na sua interven\u00e7\u00e3o, o Presidente do Governo dos A\u00e7ores e Presidente da Confer\u00eancia dos Presidentes das Regi\u00f5es Ultraperif\u00e9ricas, Jos\u00e9 Manuel Bolieiro, declarou:<\/p>\n<p>\u00abEsta reuni\u00e3o, simbolicamente realizada nos A\u00e7ores, acontece num momento particularmente dif\u00edcil da vida dos europeus. Recuperar a Europa. Combater a pandemia com todos os instrumentos de que dispomos. E associar esta recupera\u00e7\u00e3o, atrav\u00e9s do Mecanismo de Recupera\u00e7\u00e3o e Resili\u00eancia, ao futuro que queremos desenhar. Um futuro ecol\u00f3gico, digital, forjado na parceria pol\u00edtica que o princ\u00edpio da subsidiariedade imp\u00f5e \u00e0 nossa a\u00e7\u00e3o. Espero que a Declara\u00e7\u00e3o dos A\u00e7ores seja atendida pelas institui\u00e7\u00f5es da UE e pelos nossos Estados, refor\u00e7ando a voz das <strong>Regi\u00f5es Ultraperif\u00e9ricas<\/strong>, do poder regional e do poder local nas op\u00e7\u00f5es que determinar\u00e3o o futuro das nossas comunidades.\u00bb<\/p>\n<p>&nbsp;<\/p>\n<p><strong>Ideias-chave da \u201cDeclara\u00e7\u00e3o dos A\u00e7ores\u201d:<\/strong><\/p>\n<p>Defende a necessidade de combater os efeitos da pandemia atrav\u00e9s de uma parceria estrat\u00e9gica com os \u00f3rg\u00e3os de poder local e regional.<\/p>\n<p>Salienta a necessidade de dar especial aten\u00e7\u00e3o \u00e0s <strong>Regi\u00f5es Ultraperif\u00e9ricas<\/strong> na estrat\u00e9gia da UE para fazer face ao impacto da pandemia de COVID-19 e encetar a recupera\u00e7\u00e3o<\/p>\n<p>Refere que a estrat\u00e9gia da Uni\u00e3o Europeia para fazer face ao impacto socioecon\u00f3mico da pandemia de COVID-19 deve ter em conta as necessidades de todas as regi\u00f5es, a come\u00e7ar pelas mais fr\u00e1geis e afetadas pela crise. Por conseguinte, para assegurar uma recupera\u00e7\u00e3o sustent\u00e1vel na UE e demonstrar que a coes\u00e3o \u00e9 um valor fundamental da Uni\u00e3o, \u00e9 fundamental ter em especial aten\u00e7\u00e3o as <strong>Regi\u00f5es Ultraperif\u00e9ricas<\/strong>.<\/p>\n<p>Congratula-se com o\u00a0recente an\u00fancio da Comiss\u00e3o Europeia\u00a0de que seguir\u00e1 a\u00a0recomenda\u00e7\u00e3o\u00a0do CR de adaptar a estrat\u00e9gia da UE para as <strong>Regi\u00f5es Ultraperif\u00e9ricas<\/strong>, atendendo \u00e0s graves consequ\u00eancias da pandemia, e insta os \u00f3rg\u00e3os de poder nacional e regional a utilizarem os planos de recupera\u00e7\u00e3o como uma oportunidade para relan\u00e7ar as suas economias atrav\u00e9s de uma abordagem inteligente e sustent\u00e1vel.<\/p>\n<p>Solicita \u00e0 Comiss\u00e3o Europeia que esteja particularmente vigilante, assegurando que os Estados-Membros associam plenamente os \u00f3rg\u00e3os de poder local e regional \u00e0 execu\u00e7\u00e3o dos planos nacionais de recupera\u00e7\u00e3o e resili\u00eancia ap\u00f3s as respetivas fases de elabora\u00e7\u00e3o e apresenta\u00e7\u00e3o.<\/p>\n","protected":false},"excerpt":{"rendered":"<p>Ponta Delgada, 28 de maio 2021 &nbsp; O Comit\u00e9 das Regi\u00f5es Europeu adotou, a 28 de maio de 2021, \u00abDeclara\u00e7\u00e3o dos A\u00e7ores\u00bb, intitulada \u201cCombater os efeitos da pandemia de COVID-19 atrav\u00e9s de uma parceria estrat\u00e9gica com os \u00f3rg\u00e3os de poder local e regional\u201d, no encontro da Mesa Pol\u00edtica que reuniu virtualmente na Regi\u00e3o Aut\u00f3noma dos [&hellip;]<\/p>\n","protected":false},"author":38,"featured_media":0,"comment_status":"open","ping_status":"open","sticky":false,"template":"","format":"standard","meta":{"_acf_changed":false,"footnotes":"","_links_to":"","_links_to_target":""},"categories":[1],"tags":[],"class_list":["post-7187","post","type-post","status-publish","format-standard","hentry","category-sin-categoria"],"acf":[],"_links":{"self":[{"href":"https:\/\/www.cp-rup.com\/pt\/wp-json\/wp\/v2\/posts\/7187","targetHints":{"allow":["GET"]}}],"collection":[{"href":"https:\/\/www.cp-rup.com\/pt\/wp-json\/wp\/v2\/posts"}],"about":[{"href":"https:\/\/www.cp-rup.com\/pt\/wp-json\/wp\/v2\/types\/post"}],"author":[{"embeddable":true,"href":"https:\/\/www.cp-rup.com\/pt\/wp-json\/wp\/v2\/users\/38"}],"replies":[{"embeddable":true,"href":"https:\/\/www.cp-rup.com\/pt\/wp-json\/wp\/v2\/comments?post=7187"}],"version-history":[{"count":1,"href":"https:\/\/www.cp-rup.com\/pt\/wp-json\/wp\/v2\/posts\/7187\/revisions"}],"predecessor-version":[{"id":7188,"href":"https:\/\/www.cp-rup.com\/pt\/wp-json\/wp\/v2\/posts\/7187\/revisions\/7188"}],"wp:attachment":[{"href":"https:\/\/www.cp-rup.com\/pt\/wp-json\/wp\/v2\/media?parent=7187"}],"wp:term":[{"taxonomy":"category","embeddable":true,"href":"https:\/\/www.cp-rup.com\/pt\/wp-json\/wp\/v2\/categories?post=7187"},{"taxonomy":"post_tag","embeddable":true,"href":"https:\/\/www.cp-rup.com\/pt\/wp-json\/wp\/v2\/tags?post=7187"}],"curies":[{"name":"wp","href":"https:\/\/api.w.org\/{rel}","templated":true}]}}