{"id":7219,"date":"2021-05-17T10:38:20","date_gmt":"2021-05-17T10:38:20","guid":{"rendered":"https:\/\/cp-rup.com\/?p=7219"},"modified":"2021-06-04T10:39:28","modified_gmt":"2021-06-04T10:39:28","slug":"governo-defende-uso-de-regioes-ultraperifericas-como-laboratorios-imunologicos","status":"publish","type":"post","link":"https:\/\/www.cp-rup.com\/pt\/governo-defende-uso-de-regioes-ultraperifericas-como-laboratorios-imunologicos\/","title":{"rendered":"GOVERNO DEFENDE USO DE REGI\u00d5ES ULTRAPERIF\u00c9RICAS COMO &#8220;LABORAT\u00d3RIOS IMUNOL\u00d3GICOS&#8221;"},"content":{"rendered":"<h4><strong>17 maio 2021<\/strong><\/h4>\n<p>&nbsp;<\/p>\n<p>A Secret\u00e1ria de Estado dos Assuntos Europeus, Ana Paula Zacarias, defendeu hoje o uso das regi\u00f5es ultraperif\u00e9ricas da Uni\u00e3o Europeia como \u201claborat\u00f3rios imunol\u00f3gicos\u201d.<\/p>\n<p>\u201cPod\u00edamos usar estas regi\u00f5es como laborat\u00f3rios imunol\u00f3gicos, ou seja, acelerar a vacina\u00e7\u00e3o nestes territ\u00f3rios para que ela seja a 100% e ver que resultados \u00e9 que depois t\u00eam e como \u00e9 que as popula\u00e7\u00f5es se comportam\u201d, apontou Ana Paula Zacarias em confer\u00eancia de imprensa, ap\u00f3s presidir \u00e0 reuni\u00e3o de ministros dos Assuntos Europeus, que decorreu em Coimbra, no \u00e2mbito da Presid\u00eancia portuguesa do Conselho da UE.<\/p>\n<p>Segundo a Secret\u00e1ria de Estado, este foi um \u201capelo\u201d feito pelo Presidente do Governo dos A\u00e7ores, Jos\u00e9 Manuel Bolieiro, que esteve presente na reuni\u00e3o informal na qualidade de Presidente da Confer\u00eancia dos Presidentes das Regi\u00f5es Ultraperif\u00e9ricas (RUP).<\/p>\n<p>Abordando exemplos das RUP como \u201claborat\u00f3rios para o futuro\u201d, a Secret\u00e1ria de Estado real\u00e7ou o projeto \u201cmuito interessante\u201d dos n\u00f3madas digitais na Madeira.<\/p>\n<p>Ali, criam-se \u201cas condi\u00e7\u00f5es para que uma popula\u00e7\u00e3o de cerca de 6.000 interessados que j\u00e1 se candidataram a estar naquele lugar possam trabalhar\u201d a partir do centro para n\u00f3madas digitais, apontou, nomeando as respetivas \u201cmuito boas condi\u00e7\u00f5es\u201d \u2013 desde o acesso \u00e0 internet ao contacto com a comunidade local.<\/p>\n","protected":false},"excerpt":{"rendered":"<p>17 maio 2021 &nbsp; A Secret\u00e1ria de Estado dos Assuntos Europeus, Ana Paula Zacarias, defendeu hoje o uso das regi\u00f5es ultraperif\u00e9ricas da Uni\u00e3o Europeia como \u201claborat\u00f3rios imunol\u00f3gicos\u201d. \u201cPod\u00edamos usar estas regi\u00f5es como laborat\u00f3rios imunol\u00f3gicos, ou seja, acelerar a vacina\u00e7\u00e3o nestes territ\u00f3rios para que ela seja a 100% e ver que resultados \u00e9 que depois t\u00eam [&hellip;]<\/p>\n","protected":false},"author":38,"featured_media":7207,"comment_status":"open","ping_status":"open","sticky":false,"template":"","format":"standard","meta":{"_acf_changed":false,"footnotes":"","_links_to":"","_links_to_target":""},"categories":[1],"tags":[],"class_list":["post-7219","post","type-post","status-publish","format-standard","has-post-thumbnail","hentry","category-sin-categoria"],"acf":[],"_links":{"self":[{"href":"https:\/\/www.cp-rup.com\/pt\/wp-json\/wp\/v2\/posts\/7219","targetHints":{"allow":["GET"]}}],"collection":[{"href":"https:\/\/www.cp-rup.com\/pt\/wp-json\/wp\/v2\/posts"}],"about":[{"href":"https:\/\/www.cp-rup.com\/pt\/wp-json\/wp\/v2\/types\/post"}],"author":[{"embeddable":true,"href":"https:\/\/www.cp-rup.com\/pt\/wp-json\/wp\/v2\/users\/38"}],"replies":[{"embeddable":true,"href":"https:\/\/www.cp-rup.com\/pt\/wp-json\/wp\/v2\/comments?post=7219"}],"version-history":[{"count":2,"href":"https:\/\/www.cp-rup.com\/pt\/wp-json\/wp\/v2\/posts\/7219\/revisions"}],"predecessor-version":[{"id":7221,"href":"https:\/\/www.cp-rup.com\/pt\/wp-json\/wp\/v2\/posts\/7219\/revisions\/7221"}],"wp:featuredmedia":[{"embeddable":true,"href":"https:\/\/www.cp-rup.com\/pt\/wp-json\/wp\/v2\/media\/7207"}],"wp:attachment":[{"href":"https:\/\/www.cp-rup.com\/pt\/wp-json\/wp\/v2\/media?parent=7219"}],"wp:term":[{"taxonomy":"category","embeddable":true,"href":"https:\/\/www.cp-rup.com\/pt\/wp-json\/wp\/v2\/categories?post=7219"},{"taxonomy":"post_tag","embeddable":true,"href":"https:\/\/www.cp-rup.com\/pt\/wp-json\/wp\/v2\/tags?post=7219"}],"curies":[{"name":"wp","href":"https:\/\/api.w.org\/{rel}","templated":true}]}}