{"id":7242,"date":"2021-09-10T14:01:06","date_gmt":"2021-09-10T14:01:06","guid":{"rendered":"https:\/\/cp-rup.com\/?p=7242"},"modified":"2021-09-10T14:01:06","modified_gmt":"2021-09-10T14:01:06","slug":"workshop-cidadania-verde-e-azul-nas-regioes-ultraperifericas-da-ue-liderar-o-caminho-para-um-futuro-comum-semana-europeia-das-regioes-13-de-outubro-2021","status":"publish","type":"post","link":"https:\/\/www.cp-rup.com\/pt\/workshop-cidadania-verde-e-azul-nas-regioes-ultraperifericas-da-ue-liderar-o-caminho-para-um-futuro-comum-semana-europeia-das-regioes-13-de-outubro-2021\/","title":{"rendered":"Workshop &#8220;Cidadania verde e azul nas regi\u00f5es ultraperif\u00e9ricas da UE: liderar o caminho para um futuro comum&#8221;, Semana Europeia das Regi\u00f5es, 13 de outubro 2021"},"content":{"rendered":"<p>No \u00e2mbito da <a href=\"https:\/\/europa.eu\/regions-and-cities\/\">19\u00aa Semana Europeia das Regi\u00f5es e Cidades<\/a>, as Regi\u00f5es Ultraperif\u00e9ricas (RUP) est\u00e3o a organizar conjuntamente com a Unidade RUP da Dire\u00e7\u00e3o Geral de Pol\u00edtica Regional e Urbana da Comiss\u00e3o Europeia, um Workshop intitulado &#8220;Cidadania verde e azul nas regi\u00f5es ultraperif\u00e9ricas da UE: liderar o caminho para um futuro comum&#8221; que ter\u00e1 lugar a 13 de outubro, 16:30h-18:00h.<\/p>\n<p>O evento visa fomentar o debate e o interc\u00e2mbio de boas pr\u00e1ticas sobre como envolver mais os cidad\u00e3os na prote\u00e7\u00e3o do ambiente nas Regi\u00f5es Ultraperif\u00e9ricas da UE (RUP). Discutir\u00e1 os processos de forma\u00e7\u00e3o da cidadania &#8220;verde&#8221; e &#8220;azul&#8221;, apresentando boas pr\u00e1ticas e exemplos de iniciativas lideradas pelos cidad\u00e3os na prote\u00e7\u00e3o das florestas e dos animais (verde) e atividades relacionadas com o mar (azul).<\/p>\n<p>A cidadania no s\u00e9culo XXI tem assumido cada vez mais novas dimens\u00f5es, estendendo-se aos mais variados temas, unindo cidad\u00e3os de diferentes condi\u00e7\u00f5es de vida e lugares na defesa de causas comuns. Nas RUP, o valor \u00fanico destes territ\u00f3rios e a sua riqueza em termos de biodiversidade tem suscitado novas &#8220;cidadanias ambientais&#8221;, &#8220;azuis&#8221; e &#8220;verdes&#8221;, reunindo diferentes intervenientes, com um enfoque crescente nas gera\u00e7\u00f5es mais jovens.<\/p>\n<p>Este workshop ir\u00e1 debater iniciativas relevantes nas RUP no campo da prote\u00e7\u00e3o de esp\u00e9cies, conserva\u00e7\u00e3o mar\u00edtima e literacia ambiental, com enfoque nos jovens e na educa\u00e7\u00e3o ambiental. Esta sess\u00e3o enquadra-se no contexto global da transi\u00e7\u00e3o verde definida no Pacto Ecol\u00f3gico Europeu, e da estrat\u00e9gia da UE para as RUP, que procura apoiar a mudan\u00e7a para uma economia mais verde e sustent\u00e1vel.<\/p>\n<p><a href=\"https:\/\/eu.app.swapcard.com\/event\/eu-regions-week\">Inscri\u00e7\u00e3o<\/a> e <a href=\"https:\/\/eu.app.swapcard.com\/event\/eu-regions-week\/planning\/UGxhbm5pbmdfNjMxMDM2\">programa<\/a><\/p>\n","protected":false},"excerpt":{"rendered":"<p>No \u00e2mbito da 19\u00aa Semana Europeia das Regi\u00f5es e Cidades, as Regi\u00f5es Ultraperif\u00e9ricas (RUP) est\u00e3o a organizar conjuntamente com a Unidade RUP da Dire\u00e7\u00e3o Geral de Pol\u00edtica Regional e Urbana da Comiss\u00e3o Europeia, um Workshop intitulado &#8220;Cidadania verde e azul nas regi\u00f5es ultraperif\u00e9ricas da UE: liderar o caminho para um futuro comum&#8221; que ter\u00e1 lugar [&hellip;]<\/p>\n","protected":false},"author":37,"featured_media":0,"comment_status":"open","ping_status":"open","sticky":false,"template":"","format":"standard","meta":{"_acf_changed":false,"footnotes":"","_links_to":"","_links_to_target":""},"categories":[1],"tags":[],"class_list":["post-7242","post","type-post","status-publish","format-standard","hentry","category-sin-categoria"],"acf":[],"_links":{"self":[{"href":"https:\/\/www.cp-rup.com\/pt\/wp-json\/wp\/v2\/posts\/7242","targetHints":{"allow":["GET"]}}],"collection":[{"href":"https:\/\/www.cp-rup.com\/pt\/wp-json\/wp\/v2\/posts"}],"about":[{"href":"https:\/\/www.cp-rup.com\/pt\/wp-json\/wp\/v2\/types\/post"}],"author":[{"embeddable":true,"href":"https:\/\/www.cp-rup.com\/pt\/wp-json\/wp\/v2\/users\/37"}],"replies":[{"embeddable":true,"href":"https:\/\/www.cp-rup.com\/pt\/wp-json\/wp\/v2\/comments?post=7242"}],"version-history":[{"count":1,"href":"https:\/\/www.cp-rup.com\/pt\/wp-json\/wp\/v2\/posts\/7242\/revisions"}],"predecessor-version":[{"id":7243,"href":"https:\/\/www.cp-rup.com\/pt\/wp-json\/wp\/v2\/posts\/7242\/revisions\/7243"}],"wp:attachment":[{"href":"https:\/\/www.cp-rup.com\/pt\/wp-json\/wp\/v2\/media?parent=7242"}],"wp:term":[{"taxonomy":"category","embeddable":true,"href":"https:\/\/www.cp-rup.com\/pt\/wp-json\/wp\/v2\/categories?post=7242"},{"taxonomy":"post_tag","embeddable":true,"href":"https:\/\/www.cp-rup.com\/pt\/wp-json\/wp\/v2\/tags?post=7242"}],"curies":[{"name":"wp","href":"https:\/\/api.w.org\/{rel}","templated":true}]}}