{"id":7249,"date":"2021-10-20T15:53:46","date_gmt":"2021-10-20T15:53:46","guid":{"rendered":"https:\/\/cp-rup.com\/?p=7249"},"modified":"2021-10-20T15:53:46","modified_gmt":"2021-10-20T15:53:46","slug":"rup-participam-na-semana-europeia-das-regioes-e-cidades-em-bruxelas","status":"publish","type":"post","link":"https:\/\/www.cp-rup.com\/pt\/rup-participam-na-semana-europeia-das-regioes-e-cidades-em-bruxelas\/","title":{"rendered":"RUP PARTICIPAM NA SEMANA EUROPEIA DAS REGI\u00d5ES E CIDADES EM BRUXELAS"},"content":{"rendered":"<p><img loading=\"lazy\" decoding=\"async\" class=\" wp-image-7295 alignleft\" src=\"https:\/\/cp-rup.com\/wp-content\/uploads\/2021\/10\/imagem_ministrodomar-e1634745043649-300x192.png\" alt=\"\" width=\"346\" height=\"221\" srcset=\"https:\/\/www.cp-rup.com\/wp-content\/uploads\/2021\/10\/imagem_ministrodomar-e1634745043649-300x192.png 300w, https:\/\/www.cp-rup.com\/wp-content\/uploads\/2021\/10\/imagem_ministrodomar-e1634745043649-768x491.png 768w, https:\/\/www.cp-rup.com\/wp-content\/uploads\/2021\/10\/imagem_ministrodomar-e1634745043649.png 788w\" sizes=\"auto, (max-width: 346px) 100vw, 346px\" \/><\/p>\n<p>&nbsp;<\/p>\n<p>&nbsp;<\/p>\n<p>&nbsp;<\/p>\n<p>&nbsp;<\/p>\n<p>&nbsp;<\/p>\n<p>Integrado no programa da 19\u00aa Semana Europeia das Regi\u00f5es e Cidades, a Confer\u00eancia dos Presidentes das RUP em parceria com a Comiss\u00e3o Europeia (Unidade RUP da DG REGIO) organizou, no dia 13 de outubro, um \u2018workshop\u2019 intitulado &#8220;Cidadania verde e azul nas regi\u00f5es ultraperif\u00e9ricas da UE: liderar o caminho para um futuro comum&#8221;.<\/p>\n<p><img loading=\"lazy\" decoding=\"async\" class=\"size-medium wp-image-7253 alignleft\" src=\"https:\/\/cp-rup.com\/wp-content\/uploads\/2021\/10\/Sem-Titulo1-1-300x226.png\" alt=\"\" width=\"300\" height=\"226\" srcset=\"https:\/\/www.cp-rup.com\/wp-content\/uploads\/2021\/10\/Sem-Titulo1-1-300x226.png 300w, https:\/\/www.cp-rup.com\/wp-content\/uploads\/2021\/10\/Sem-Titulo1-1-768x578.png 768w, https:\/\/www.cp-rup.com\/wp-content\/uploads\/2021\/10\/Sem-Titulo1-1.png 778w\" sizes=\"auto, (max-width: 300px) 100vw, 300px\" \/><\/p>\n<p>&nbsp;<\/p>\n<p>Este \u2018workshop\u2019 permitiu debater e partilhar iniciativas relevantes nas RUP no campo da prote\u00e7\u00e3o de esp\u00e9cies, conserva\u00e7\u00e3o mar\u00edtima e literacia ambiental, com enfoque nos jovens e na educa\u00e7\u00e3o ambiental, incluindo a apresenta\u00e7\u00e3o de boas pr\u00e1ticas das RUP: o projeto SOS Cagarro, no caso dos A\u00e7ores, a rede PROMAR, das Can\u00e1rias, e a rede de Educa\u00e7\u00e3o para o Ambiente e Desenvolvimento Sustent\u00e1vel, de Maiote.<\/p>\n<p>&nbsp;<\/p>\n<p>A Semana Europeia das Regi\u00f5es e Cidades, o maior evento anual em Bruxelas dedicado \u00e0 Pol\u00edtica de Coes\u00e3o, uma iniciativa da Comiss\u00e3o Europeia e do Comit\u00e9 das Regi\u00f5es, que decorreu de 11 a 14 de outubro, sob o lema \u201cJuntos para a Recupera\u00e7\u00e3o\u201d, contou este ano com cerca de doze mil participantes, mil oradores e trezentos eventos.<\/p>\n<p><img loading=\"lazy\" decoding=\"async\" class=\"alignright wp-image-7255\" src=\"https:\/\/cp-rup.com\/wp-content\/uploads\/2021\/10\/Sem-Titulo1-2-300x228.png\" alt=\"\" width=\"361\" height=\"275\" srcset=\"https:\/\/www.cp-rup.com\/wp-content\/uploads\/2021\/10\/Sem-Titulo1-2-300x228.png 300w, https:\/\/www.cp-rup.com\/wp-content\/uploads\/2021\/10\/Sem-Titulo1-2-768x583.png 768w, https:\/\/www.cp-rup.com\/wp-content\/uploads\/2021\/10\/Sem-Titulo1-2.png 782w\" sizes=\"auto, (max-width: 361px) 100vw, 361px\" \/><\/p>\n<p><img loading=\"lazy\" decoding=\"async\" class=\"wp-image-7256 alignleft\" src=\"https:\/\/cp-rup.com\/wp-content\/uploads\/2021\/10\/Sem-Titulo1-3-300x198.png\" alt=\"\" width=\"424\" height=\"279\" srcset=\"https:\/\/www.cp-rup.com\/wp-content\/uploads\/2021\/10\/Sem-Titulo1-3-300x198.png 300w, https:\/\/www.cp-rup.com\/wp-content\/uploads\/2021\/10\/Sem-Titulo1-3-768x506.png 768w, https:\/\/www.cp-rup.com\/wp-content\/uploads\/2021\/10\/Sem-Titulo1-3.png 908w\" sizes=\"auto, (max-width: 424px) 100vw, 424px\" \/><\/p>\n<p>&nbsp;<\/p>\n<p>&nbsp;<\/p>\n<p>&nbsp;<\/p>\n<p>&nbsp;<\/p>\n<p>&nbsp;<\/p>\n<p>&nbsp;<\/p>\n<p>&nbsp;<\/p>\n<p>&nbsp;<\/p>\n","protected":false},"excerpt":{"rendered":"<p>&nbsp; &nbsp; &nbsp; &nbsp; &nbsp; Integrado no programa da 19\u00aa Semana Europeia das Regi\u00f5es e Cidades, a Confer\u00eancia dos Presidentes das RUP em parceria com a Comiss\u00e3o Europeia (Unidade RUP da DG REGIO) organizou, no dia 13 de outubro, um \u2018workshop\u2019 intitulado &#8220;Cidadania verde e azul nas regi\u00f5es ultraperif\u00e9ricas da UE: liderar o caminho para [&hellip;]<\/p>\n","protected":false},"author":37,"featured_media":7251,"comment_status":"open","ping_status":"open","sticky":false,"template":"","format":"standard","meta":{"_acf_changed":false,"footnotes":"","_links_to":"","_links_to_target":""},"categories":[1],"tags":[],"class_list":["post-7249","post","type-post","status-publish","format-standard","has-post-thumbnail","hentry","category-sin-categoria"],"acf":[],"_links":{"self":[{"href":"https:\/\/www.cp-rup.com\/pt\/wp-json\/wp\/v2\/posts\/7249","targetHints":{"allow":["GET"]}}],"collection":[{"href":"https:\/\/www.cp-rup.com\/pt\/wp-json\/wp\/v2\/posts"}],"about":[{"href":"https:\/\/www.cp-rup.com\/pt\/wp-json\/wp\/v2\/types\/post"}],"author":[{"embeddable":true,"href":"https:\/\/www.cp-rup.com\/pt\/wp-json\/wp\/v2\/users\/37"}],"replies":[{"embeddable":true,"href":"https:\/\/www.cp-rup.com\/pt\/wp-json\/wp\/v2\/comments?post=7249"}],"version-history":[{"count":32,"href":"https:\/\/www.cp-rup.com\/pt\/wp-json\/wp\/v2\/posts\/7249\/revisions"}],"predecessor-version":[{"id":7305,"href":"https:\/\/www.cp-rup.com\/pt\/wp-json\/wp\/v2\/posts\/7249\/revisions\/7305"}],"wp:featuredmedia":[{"embeddable":true,"href":"https:\/\/www.cp-rup.com\/pt\/wp-json\/wp\/v2\/media\/7251"}],"wp:attachment":[{"href":"https:\/\/www.cp-rup.com\/pt\/wp-json\/wp\/v2\/media?parent=7249"}],"wp:term":[{"taxonomy":"category","embeddable":true,"href":"https:\/\/www.cp-rup.com\/pt\/wp-json\/wp\/v2\/categories?post=7249"},{"taxonomy":"post_tag","embeddable":true,"href":"https:\/\/www.cp-rup.com\/pt\/wp-json\/wp\/v2\/tags?post=7249"}],"curies":[{"name":"wp","href":"https:\/\/api.w.org\/{rel}","templated":true}]}}