{"id":745,"date":"2018-01-26T11:01:42","date_gmt":"2018-01-26T11:01:42","guid":{"rendered":"https:\/\/cp-rup.com\/?p=745"},"modified":"2021-03-20T03:19:46","modified_gmt":"2021-03-20T03:19:46","slug":"a-europa-deve-melhorar-o-enquadramento-das-rup","status":"publish","type":"post","link":"https:\/\/www.cp-rup.com\/pt\/a-europa-deve-melhorar-o-enquadramento-das-rup\/","title":{"rendered":"A Europa deve melhorar o enquadramento das RUP"},"content":{"rendered":"<p>01\/11\/2018<\/p>\n<p>O Presidente das Ilhas Can\u00e1rias, Fernando Clavijo, destacou nesta quinta-feira a import\u00e2ncia do trabalho pol\u00edtico em 2018 com o objetivo de refor\u00e7ar o papel das regi\u00f5es ultraperif\u00e9ricas (RUP) na Uni\u00e3o Europeia (UE). A este respeito, o presidente das Can\u00e1rias destacou que 2018 ser\u00e1 um \u201cano-chave\u201d para conseguir \u201cfortalecer o papel das nove regi\u00f5es ultraperif\u00e9ricas na Europa\u201d.<\/p>\n<p>Clavijo, que desde outubro passado exerce o cargo, rotativo, de presidente da Confer\u00eancia dos Presidentes das RUP, interveio hoje num pequeno-almo\u00e7o de trabalho na sede da Presid\u00eancia em Santa Cruz de Tenerife. \u201cNo contexto atual\u201d, disse o Chefe do Executivo das Can\u00e1rias, \u201ccom uma Europa imersa num processo de mudan\u00e7as derivadas de novos desafios, como o Brexit, desafios ambientais e as mudan\u00e7as clim\u00e1ticas em si, bem como o desafio de gerir fluxos migrat\u00f3rios, \u00e9 essencial coordenar esfor\u00e7os entre as RUP para defender o nosso enquadramento no contexto pol\u00edtico, econ\u00f3mico e social de todos os pa\u00edses que formam a UE\u201d.<\/p>\n","protected":false},"excerpt":{"rendered":"<p>01\/11\/2018 O Presidente das Ilhas Can\u00e1rias, Fernando Clavijo, destacou nesta quinta-feira a import\u00e2ncia do trabalho pol\u00edtico em 2018 com o objetivo de refor\u00e7ar o papel das regi\u00f5es ultraperif\u00e9ricas (RUP) na Uni\u00e3o Europeia (UE). A este respeito, o presidente das Can\u00e1rias destacou que 2018 ser\u00e1 um \u201cano-chave\u201d para conseguir \u201cfortalecer o papel das nove regi\u00f5es ultraperif\u00e9ricas [&hellip;]<\/p>\n","protected":false},"author":45,"featured_media":1045,"comment_status":"open","ping_status":"open","sticky":false,"template":"","format":"standard","meta":{"_acf_changed":false,"footnotes":"","_links_to":"","_links_to_target":""},"categories":[1],"tags":[],"class_list":["post-745","post","type-post","status-publish","format-standard","has-post-thumbnail","hentry","category-sin-categoria"],"acf":[],"_links":{"self":[{"href":"https:\/\/www.cp-rup.com\/pt\/wp-json\/wp\/v2\/posts\/745","targetHints":{"allow":["GET"]}}],"collection":[{"href":"https:\/\/www.cp-rup.com\/pt\/wp-json\/wp\/v2\/posts"}],"about":[{"href":"https:\/\/www.cp-rup.com\/pt\/wp-json\/wp\/v2\/types\/post"}],"author":[{"embeddable":true,"href":"https:\/\/www.cp-rup.com\/pt\/wp-json\/wp\/v2\/users\/45"}],"replies":[{"embeddable":true,"href":"https:\/\/www.cp-rup.com\/pt\/wp-json\/wp\/v2\/comments?post=745"}],"version-history":[{"count":16,"href":"https:\/\/www.cp-rup.com\/pt\/wp-json\/wp\/v2\/posts\/745\/revisions"}],"predecessor-version":[{"id":6344,"href":"https:\/\/www.cp-rup.com\/pt\/wp-json\/wp\/v2\/posts\/745\/revisions\/6344"}],"wp:featuredmedia":[{"embeddable":true,"href":"https:\/\/www.cp-rup.com\/pt\/wp-json\/wp\/v2\/media\/1045"}],"wp:attachment":[{"href":"https:\/\/www.cp-rup.com\/pt\/wp-json\/wp\/v2\/media?parent=745"}],"wp:term":[{"taxonomy":"category","embeddable":true,"href":"https:\/\/www.cp-rup.com\/pt\/wp-json\/wp\/v2\/categories?post=745"},{"taxonomy":"post_tag","embeddable":true,"href":"https:\/\/www.cp-rup.com\/pt\/wp-json\/wp\/v2\/tags?post=745"}],"curies":[{"name":"wp","href":"https:\/\/api.w.org\/{rel}","templated":true}]}}