{"id":8084,"date":"2023-01-31T10:27:37","date_gmt":"2023-01-31T10:27:37","guid":{"rendered":"https:\/\/cp-rup.com\/?p=8084"},"modified":"2023-01-31T10:27:37","modified_gmt":"2023-01-31T10:27:37","slug":"o-director-geral-para-os-assuntos-europeus-do-governo-das-canarias-realizou-uma-reuniao-com-a-unidade-das-rup-da-comissao-europeia","status":"publish","type":"post","link":"https:\/\/www.cp-rup.com\/pt\/o-director-geral-para-os-assuntos-europeus-do-governo-das-canarias-realizou-uma-reuniao-com-a-unidade-das-rup-da-comissao-europeia\/","title":{"rendered":"O Director-Geral para os Assuntos Europeus do Governo das Can\u00e1rias realizou uma reuni\u00e3o com a Unidade das RUP da Comiss\u00e3o Europeia"},"content":{"rendered":"<p>O Director-Geral para os Assuntos Europeus do Governo das Can\u00e1rias, Juli\u00e1n Zafra, realizou uma reuni\u00e3o com a Unidade das RUP da DG REGIO da Comiss\u00e3o Europeia na manh\u00e3 de 31 de Janeiro, na qual participaram tamb\u00e9m funcion\u00e1rios da Delega\u00e7\u00e3o do Governo das Can\u00e1rias em Bruxelas. O objectivo desta reuni\u00e3o era coordenar a actual presid\u00eancia da Confer\u00eancia dos Presidentes das Regi\u00f5es Ultraperif\u00e9ricas, que as Ilhas Can\u00e1rias realizam desde Novembro de 2022, bem como a organiza\u00e7\u00e3o das v\u00e1rias iniciativas e eventos que se realizar\u00e3o ao longo deste ano, no \u00e2mbito da presid\u00eancia das Ilhas Can\u00e1rias.<\/p>\n","protected":false},"excerpt":{"rendered":"<p>O Director-Geral para os Assuntos Europeus do Governo das Can\u00e1rias, Juli\u00e1n Zafra, realizou uma reuni\u00e3o com a Unidade das RUP da DG REGIO da Comiss\u00e3o Europeia na manh\u00e3 de 31 de Janeiro, na qual participaram tamb\u00e9m funcion\u00e1rios da Delega\u00e7\u00e3o do Governo das Can\u00e1rias em Bruxelas. O objectivo desta reuni\u00e3o era coordenar a actual presid\u00eancia da [&hellip;]<\/p>\n","protected":false},"author":22,"featured_media":8075,"comment_status":"closed","ping_status":"closed","sticky":false,"template":"","format":"standard","meta":{"_acf_changed":false,"footnotes":"","_links_to":"","_links_to_target":""},"categories":[1],"tags":[],"class_list":["post-8084","post","type-post","status-publish","format-standard","has-post-thumbnail","hentry","category-sin-categoria"],"acf":[],"_links":{"self":[{"href":"https:\/\/www.cp-rup.com\/pt\/wp-json\/wp\/v2\/posts\/8084","targetHints":{"allow":["GET"]}}],"collection":[{"href":"https:\/\/www.cp-rup.com\/pt\/wp-json\/wp\/v2\/posts"}],"about":[{"href":"https:\/\/www.cp-rup.com\/pt\/wp-json\/wp\/v2\/types\/post"}],"author":[{"embeddable":true,"href":"https:\/\/www.cp-rup.com\/pt\/wp-json\/wp\/v2\/users\/22"}],"replies":[{"embeddable":true,"href":"https:\/\/www.cp-rup.com\/pt\/wp-json\/wp\/v2\/comments?post=8084"}],"version-history":[{"count":1,"href":"https:\/\/www.cp-rup.com\/pt\/wp-json\/wp\/v2\/posts\/8084\/revisions"}],"predecessor-version":[{"id":8085,"href":"https:\/\/www.cp-rup.com\/pt\/wp-json\/wp\/v2\/posts\/8084\/revisions\/8085"}],"wp:featuredmedia":[{"embeddable":true,"href":"https:\/\/www.cp-rup.com\/pt\/wp-json\/wp\/v2\/media\/8075"}],"wp:attachment":[{"href":"https:\/\/www.cp-rup.com\/pt\/wp-json\/wp\/v2\/media?parent=8084"}],"wp:term":[{"taxonomy":"category","embeddable":true,"href":"https:\/\/www.cp-rup.com\/pt\/wp-json\/wp\/v2\/categories?post=8084"},{"taxonomy":"post_tag","embeddable":true,"href":"https:\/\/www.cp-rup.com\/pt\/wp-json\/wp\/v2\/tags?post=8084"}],"curies":[{"name":"wp","href":"https:\/\/api.w.org\/{rel}","templated":true}]}}