{"id":8391,"date":"2023-03-07T14:28:12","date_gmt":"2023-03-07T14:28:12","guid":{"rendered":"https:\/\/cp-rup.com\/?p=8391"},"modified":"2023-03-12T12:31:17","modified_gmt":"2023-03-12T12:31:17","slug":"dialogo-com-os-cidadaos-nas-ilhas-canarias-com-a-diretora-hencsey-da-comissao-europeia","status":"publish","type":"post","link":"https:\/\/www.cp-rup.com\/pt\/dialogo-com-os-cidadaos-nas-ilhas-canarias-com-a-diretora-hencsey-da-comissao-europeia\/","title":{"rendered":"Di\u00e1logo com os Cidad\u00e3os nas Ilhas Can\u00e1rias com a Diretora HENCSEY da Comiss\u00e3o Europeia"},"content":{"rendered":"<p>O Presidente do Governo das Can\u00e1rias e Presidente da Confer\u00eancia dos Presidentes das Regi\u00f5es Ultraperif\u00e9ricas (CPRUP), \u00c1ngel V\u00edctor TORRES, e a Diretora da Comiss\u00e3o Europeia respons\u00e1vel pelas Regi\u00f5es Ultraperif\u00e9ricas (RUP), Monika HENCSEY, realizaram um &#8220;Di\u00e1logo com os Cidad\u00e3os&#8221; a 6 de mar\u00e7o, em Santa Cruz de Tenerife, Can\u00e1rias, para apresentar o ponto de vista da Comiss\u00e3o sobre a implementa\u00e7\u00e3o da Estrat\u00e9gia da UE para as RUP.<\/p>\n<p>O evento contou com a presen\u00e7a de representantes e membros das institui\u00e7\u00f5es das Can\u00e1rias, tais como o Parlamento Regional, governos das ilhas, c\u00e2maras municipais, universidades, c\u00e2maras de com\u00e9rcio, confedera\u00e7\u00f5es patronais, confedera\u00e7\u00f5es sindicais, organiza\u00e7\u00f5es do sector terci\u00e1rio e peritos em v\u00e1rios dom\u00ednios, tais como novas tecnologias, inova\u00e7\u00e3o, transportes, energia e emerg\u00eancias, entre outros.<\/p>\n<p>A reuni\u00e3o foi dividida em diferentes sec\u00e7\u00f5es tem\u00e1ticas, centrando-se na resposta da UE \u00e0s RUP relativamente \u00e0 transi\u00e7\u00e3o sustent\u00e1vel (digitaliza\u00e7\u00e3o, ambiente, turismo, economia verde e economia azul), direitos sociais (pol\u00edticas de cuidados, educa\u00e7\u00e3o, emprego, forma\u00e7\u00e3o e migra\u00e7\u00e3o) e soberania estrat\u00e9gica (alimenta\u00e7\u00e3o, ind\u00fastria e energia).<\/p>\n<p>Esta sess\u00e3o proporcionou um espa\u00e7o de debate e compreens\u00e3o m\u00fatua para identificar os desafios enfrentados pelas Regi\u00f5es Ultraperif\u00e9ricas da UE na realiza\u00e7\u00e3o do seu pleno desenvolvimento econ\u00f3mico e social, bem como o potencial que oferecem \u00e0 Uni\u00e3o Europeia como um todo.<\/p>\n<p>Ao mesmo tempo, foi uma excelente oportunidade para os cidad\u00e3os das Ilhas Can\u00e1rias participarem e expressarem as suas opini\u00f5es. Isto tamb\u00e9m lhes permitiu refletir sobre o regime especial de integra\u00e7\u00e3o das Ilhas Can\u00e1rias na UE e sobre as suas principais preocupa\u00e7\u00f5es e expectativas.<\/p>\n<div id=\"metaslider-id-8268\" style=\"max-width: 1200px;\" class=\"ml-slider-3-20-3 metaslider metaslider-flex metaslider-8268 ml-slider\">\n    <div id=\"metaslider_container_8268\">\n        <div id=\"metaslider_8268\">\n            <ul aria-live=\"polite\" class=\"slides\">\n                <li style=\"display: block; width: 100%;\" class=\"slide-8275 ms-image\"><img loading=\"lazy\" decoding=\"async\" src=\"https:\/\/www.cp-rup.com\/wp-content\/uploads\/2023\/03\/230206_DIALOGOS_CIUDADANOS_GOBCAN_TC__-05-1200x400-1.jpg\" height=\"400\" width=\"1200\" alt=\"\" class=\"slider-8268 slide-8275\" title=\"230206_DIALOGOS_CIUDADANOS_GOBCAN_TC__-05-1200x400\" \/><\/li>\n                <li style=\"display: none; width: 100%;\" class=\"slide-8276 ms-image\"><img loading=\"lazy\" decoding=\"async\" src=\"https:\/\/www.cp-rup.com\/wp-content\/uploads\/2023\/03\/230206_DIALOGOS_CIUDADANOS_GOBCAN_TC__-16-1200x400-1.jpg\" height=\"400\" width=\"1200\" alt=\"\" class=\"slider-8268 slide-8276\" title=\"230206_DIALOGOS_CIUDADANOS_GOBCAN_TC__-16-1200x400\" \/><\/li>\n                <li style=\"display: none; width: 100%;\" class=\"slide-8277 ms-image\"><img loading=\"lazy\" decoding=\"async\" src=\"https:\/\/www.cp-rup.com\/wp-content\/uploads\/2023\/03\/230206_DIALOGOS_CIUDADANOS_GOBCAN_TC__-14-1200x400-1.jpg\" height=\"400\" width=\"1200\" alt=\"\" class=\"slider-8268 slide-8277\" title=\"230206_DIALOGOS_CIUDADANOS_GOBCAN_TC__-14-1200x400\" \/><\/li>\n            <\/ul>\n        <\/div>\n        \n    <\/div>\n<\/div>\n","protected":false},"excerpt":{"rendered":"<p>O Presidente do Governo das Can\u00e1rias e Presidente da Confer\u00eancia dos Presidentes das Regi\u00f5es Ultraperif\u00e9ricas (CPRUP), \u00c1ngel V\u00edctor TORRES, e a Diretora da Comiss\u00e3o Europeia respons\u00e1vel pelas Regi\u00f5es Ultraperif\u00e9ricas (RUP), Monika HENCSEY, realizaram um &#8220;Di\u00e1logo com os Cidad\u00e3os&#8221; a 6 de mar\u00e7o, em Santa Cruz de Tenerife, Can\u00e1rias, para apresentar o ponto de vista da [&hellip;]<\/p>\n","protected":false},"author":25,"featured_media":8258,"comment_status":"closed","ping_status":"closed","sticky":false,"template":"","format":"standard","meta":{"_acf_changed":false,"footnotes":"","_links_to":"","_links_to_target":""},"categories":[1],"tags":[],"class_list":["post-8391","post","type-post","status-publish","format-standard","has-post-thumbnail","hentry","category-sin-categoria"],"acf":[],"_links":{"self":[{"href":"https:\/\/www.cp-rup.com\/pt\/wp-json\/wp\/v2\/posts\/8391","targetHints":{"allow":["GET"]}}],"collection":[{"href":"https:\/\/www.cp-rup.com\/pt\/wp-json\/wp\/v2\/posts"}],"about":[{"href":"https:\/\/www.cp-rup.com\/pt\/wp-json\/wp\/v2\/types\/post"}],"author":[{"embeddable":true,"href":"https:\/\/www.cp-rup.com\/pt\/wp-json\/wp\/v2\/users\/25"}],"replies":[{"embeddable":true,"href":"https:\/\/www.cp-rup.com\/pt\/wp-json\/wp\/v2\/comments?post=8391"}],"version-history":[{"count":1,"href":"https:\/\/www.cp-rup.com\/pt\/wp-json\/wp\/v2\/posts\/8391\/revisions"}],"predecessor-version":[{"id":8392,"href":"https:\/\/www.cp-rup.com\/pt\/wp-json\/wp\/v2\/posts\/8391\/revisions\/8392"}],"wp:featuredmedia":[{"embeddable":true,"href":"https:\/\/www.cp-rup.com\/pt\/wp-json\/wp\/v2\/media\/8258"}],"wp:attachment":[{"href":"https:\/\/www.cp-rup.com\/pt\/wp-json\/wp\/v2\/media?parent=8391"}],"wp:term":[{"taxonomy":"category","embeddable":true,"href":"https:\/\/www.cp-rup.com\/pt\/wp-json\/wp\/v2\/categories?post=8391"},{"taxonomy":"post_tag","embeddable":true,"href":"https:\/\/www.cp-rup.com\/pt\/wp-json\/wp\/v2\/tags?post=8391"}],"curies":[{"name":"wp","href":"https:\/\/api.w.org\/{rel}","templated":true}]}}