{"id":8427,"date":"2023-03-21T09:26:01","date_gmt":"2023-03-21T09:26:01","guid":{"rendered":"https:\/\/cp-rup.com\/?p=8427"},"modified":"2023-03-21T11:11:46","modified_gmt":"2023-03-21T11:11:46","slug":"convite-a-apresentacao-de-propostas-para-capacitar-a-juventude-nas-regioes-ultraperifericas-rup","status":"publish","type":"post","link":"https:\/\/www.cp-rup.com\/pt\/convite-a-apresentacao-de-propostas-para-capacitar-a-juventude-nas-regioes-ultraperifericas-rup\/","title":{"rendered":"Convite \u00e0 apresenta\u00e7\u00e3o de propostas para Capacitar a juventude nas Regi\u00f5es Ultraperif\u00e9ricas (RUP)"},"content":{"rendered":"<p>A Comiss\u00e3o Europeia lan\u00e7ou recentemente um <strong>convite \u00e0 apresenta\u00e7\u00e3o de propostas<\/strong> &#8211; no valor de <strong>1 milh\u00e3o de euros<\/strong> &#8211; para ajudar a <strong>capacitar a juventude nas Regi\u00f5es Ultraperif\u00e9ricas (RUP).<\/strong><\/p>\n<p>Esta iniciativa europeia visa mobilizar os jovens das RUP para desenvolver ac\u00e7\u00f5es adaptadas \u00e0s suas regi\u00f5es, a fim de melhorar a sua qualidade de vida. Os jovens podem tornar-se agentes de mudan\u00e7a, empreendedores e inovadores nas suas comunidades locais.<\/p>\n<p>Este projecto de dois anos visa apoiar ac\u00e7\u00f5es desenvolvidas por jovens dos 15 aos 24 anos nestas regi\u00f5es e ser\u00e1 implementado em <strong>duas fases<\/strong>:<\/p>\n<ol>\n<li>Na <u>1\u00aa fase<\/u>, objeto do presente convite, a Comiss\u00e3o seleccionar\u00e1 <strong>um benefici\u00e1rio<\/strong>, que assegurar\u00e1 o secretariado do projecto;<\/li>\n<\/ol>\n<ol start=\"2\">\n<li>Na <u>2\u00aa fase<\/u>, esse benefici\u00e1rio lan\u00e7ar\u00e1 convites \u00e0 apresenta\u00e7\u00e3o de propostas para a\u00e7\u00f5es de jovens nas regi\u00f5es ultraperif\u00e9ricas, conceder\u00e1 subven\u00e7\u00f5es \u00e0s a\u00e7\u00f5es selecionadas e acompanhar\u00e1 a implementa\u00e7\u00e3o das a\u00e7\u00f5es. A subven\u00e7\u00e3o apoiar\u00e1 um m\u00ednimo de 70 a\u00e7\u00f5es com um montante m\u00ednimo de 5.000 euros e m\u00e1ximo de 10.000 euros cada e uma dura\u00e7\u00e3o de at\u00e9 12 meses.<\/li>\n<\/ol>\n<p><strong>Prazo da convocat\u00f3ria: At\u00e9 31 de Maio de 2023<\/strong><\/p>\n<p>Mais informa\u00e7\u00f5es <a href=\"https:\/\/ec.europa.eu\/regional_policy\/whats-new\/tenders-and-grants\/calls-for-proposal_en\">aqui<\/a>.<\/p>\n","protected":false},"excerpt":{"rendered":"<p>A Comiss\u00e3o Europeia lan\u00e7ou recentemente um convite \u00e0 apresenta\u00e7\u00e3o de propostas &#8211; no valor de 1 milh\u00e3o de euros &#8211; para ajudar a capacitar a juventude nas Regi\u00f5es Ultraperif\u00e9ricas (RUP). Esta iniciativa europeia visa mobilizar os jovens das RUP para desenvolver ac\u00e7\u00f5es adaptadas \u00e0s suas regi\u00f5es, a fim de melhorar a sua qualidade de vida. [&hellip;]<\/p>\n","protected":false},"author":37,"featured_media":8449,"comment_status":"closed","ping_status":"closed","sticky":false,"template":"","format":"standard","meta":{"_acf_changed":false,"footnotes":"","_links_to":"","_links_to_target":""},"categories":[1],"tags":[],"class_list":["post-8427","post","type-post","status-publish","format-standard","has-post-thumbnail","hentry","category-sin-categoria"],"acf":[],"_links":{"self":[{"href":"https:\/\/www.cp-rup.com\/pt\/wp-json\/wp\/v2\/posts\/8427","targetHints":{"allow":["GET"]}}],"collection":[{"href":"https:\/\/www.cp-rup.com\/pt\/wp-json\/wp\/v2\/posts"}],"about":[{"href":"https:\/\/www.cp-rup.com\/pt\/wp-json\/wp\/v2\/types\/post"}],"author":[{"embeddable":true,"href":"https:\/\/www.cp-rup.com\/pt\/wp-json\/wp\/v2\/users\/37"}],"replies":[{"embeddable":true,"href":"https:\/\/www.cp-rup.com\/pt\/wp-json\/wp\/v2\/comments?post=8427"}],"version-history":[{"count":2,"href":"https:\/\/www.cp-rup.com\/pt\/wp-json\/wp\/v2\/posts\/8427\/revisions"}],"predecessor-version":[{"id":8437,"href":"https:\/\/www.cp-rup.com\/pt\/wp-json\/wp\/v2\/posts\/8427\/revisions\/8437"}],"wp:featuredmedia":[{"embeddable":true,"href":"https:\/\/www.cp-rup.com\/pt\/wp-json\/wp\/v2\/media\/8449"}],"wp:attachment":[{"href":"https:\/\/www.cp-rup.com\/pt\/wp-json\/wp\/v2\/media?parent=8427"}],"wp:term":[{"taxonomy":"category","embeddable":true,"href":"https:\/\/www.cp-rup.com\/pt\/wp-json\/wp\/v2\/categories?post=8427"},{"taxonomy":"post_tag","embeddable":true,"href":"https:\/\/www.cp-rup.com\/pt\/wp-json\/wp\/v2\/tags?post=8427"}],"curies":[{"name":"wp","href":"https:\/\/api.w.org\/{rel}","templated":true}]}}