{"id":8464,"date":"2023-03-28T07:12:50","date_gmt":"2023-03-28T07:12:50","guid":{"rendered":"https:\/\/cp-rup.com\/?p=8464"},"modified":"2023-06-01T14:02:25","modified_gmt":"2023-06-01T14:02:25","slug":"adopcao-pela-comissao-regi-do-parlamento-europeu-do-relatorio-sobre-a-avaliacao-da-estrategia-da-ue-para-as-rup","status":"publish","type":"post","link":"https:\/\/www.cp-rup.com\/pt\/adopcao-pela-comissao-regi-do-parlamento-europeu-do-relatorio-sobre-a-avaliacao-da-estrategia-da-ue-para-as-rup\/","title":{"rendered":"Adop\u00e7\u00e3o pela Comiss\u00e3o REGI do Parlamento Europeu do relat\u00f3rio sobre a avalia\u00e7\u00e3o da estrat\u00e9gia da UE para as RUP"},"content":{"rendered":"<p>A Comiss\u00e3o do Desenvolvimento Regional do Parlamento Europeu aprovou por unanimidade em 22 de Mar\u00e7o de 2023 o seu <a href=\"https:\/\/cp-rup.com\/wp-content\/uploads\/2023\/06\/A-9-2023-0156_PT.pdf\"><em>Relat\u00f3rio sobre a avalia\u00e7\u00e3o da nova Comunica\u00e7\u00e3o da Comiss\u00e3o Europeia sobre as Regi\u00f5es Ultraperif\u00e9ricas (2022\/2147(INI)).<\/em><\/a><\/p>\n<p>O relat\u00f3rio, apresentado por Alvaro AMARO MEP (PPE, Portugal), apoia a estrat\u00e9gia da Comiss\u00e3o Europeia para as regi\u00f5es ultraperif\u00e9ricas da UE (RUP), mas ao mesmo tempo apela a uma aten\u00e7\u00e3o mais sistem\u00e1tica \u00e0s necessidades destas regi\u00f5es na legisla\u00e7\u00e3o e programas da UE e a um maior empenho da Comiss\u00e3o para aumentar a sua competitividade.<\/p>\n<p>Em particular, aborda os problemas da juventude nas RUP, cuja situa\u00e7\u00e3o social e perspectivas de futuro constituem uma grande preocupa\u00e7\u00e3o. Assim, solicita \u00e0 Comiss\u00e3o Europeia que proponha ac\u00e7\u00f5es de forma\u00e7\u00e3o, aprendizagem e desenvolvimento de compet\u00eancias para aumentar as oportunidades de emprego e travar a fuga de c\u00e9rebros, bem como um plano de ac\u00e7\u00e3o para combater o abandono escolar precoce.<\/p>\n<p>Sublinha igualmente a import\u00e2ncia do turismo para o desenvolvimento destas regi\u00f5es e insiste na necessidade de encontrar um equil\u00edbrio justo entre o desenvolvimento tur\u00edstico e as especificidades da biodiversidade local, instando a Comiss\u00e3o a elaborar uma pol\u00edtica de turismo sustent\u00e1vel para as RUP.<\/p>\n<p>O Presidente do Governo das Can\u00e1rias e actual Presidente da Confer\u00eancia dos Presidentes das RUP, \u00c1ngel V\u00edctor TORRES, interveio telematicamente na sess\u00e3o por ocasi\u00e3o da adop\u00e7\u00e3o do relat\u00f3rio, aproveitando a oportunidade para apelar uma vez mais a que as regi\u00f5es ultraperif\u00e9ricas sejam parte permanente da pol\u00edtica de coes\u00e3o da UE, com o objectivo de alcan\u00e7ar a melhor adequa\u00e7\u00e3o poss\u00edvel para a diversidade territorial representada pelas RUP no seio da UE.<\/p>\n<p>Colocou especial \u00eanfase na pol\u00edtica de migra\u00e7\u00e3o, no desenvolvimento do pacote legislativo <em>Objectivo 55<\/em> e na promo\u00e7\u00e3o da coopera\u00e7\u00e3o com os pa\u00edses terceiros e parceiros das RUP, e portanto da UE, na mesma linha dos que est\u00e3o a ser desenvolvidos no Mediterr\u00e2neo.<\/p>\n<p>Sublinhou tamb\u00e9m a import\u00e2ncia do texto que incorpora as conclus\u00f5es da Confer\u00eancia dos Presidentes das RUP na sua Declara\u00e7\u00e3o Final de Novembro de 2022, realizada no Parlamento Europeu, incluindo muitas das suas reivindica\u00e7\u00f5es. Apelou igualmente \u00e0 &#8220;plena participa\u00e7\u00e3o das autoridades das RUP nas pol\u00edticas europeias&#8221;, dado que isto &#8220;refor\u00e7a a legitimidade da tomada de decis\u00f5es da UE&#8221;.<\/p>\n<p>Finalmente, recordou que a Comiss\u00e3o Europeia, no seu 8\u00ba Relat\u00f3rio sobre a Coes\u00e3o, concluiu que o desenvolvimento da UE deve ser adaptado \u00e0s vantagens competitivas de cada territ\u00f3rio e que as caracter\u00edsticas das RUP s\u00e3o \u00fanicas na UE, o que torna a converg\u00eancia dif\u00edcil e exige uma &#8220;estrat\u00e9gia horizontal e estruturante&#8221;.<\/p>\n<p>Neste contexto, as RUP necessitam destas pol\u00edticas europeias espec\u00edficas para compensar as suas diferen\u00e7as ligadas ao seu afastamento, isolamento e insularidade, mas sobretudo para as aproximar do n\u00edvel m\u00e9dio de rendimento per capita da UE.<\/p>\n<div id=\"metaslider-id-8472\" style=\"max-width: 1170px; margin: 0 auto;\" class=\"ml-slider-3-20-3 metaslider metaslider-flex metaslider-8472 ml-slider\">\n    <div id=\"metaslider_container_8472\">\n        <div id=\"metaslider_8472\">\n            <ul aria-live=\"polite\" class=\"slides\">\n                <li style=\"display: block; width: 100%;\" class=\"slide-8473 ms-image\"><img loading=\"lazy\" decoding=\"async\" src=\"https:\/\/www.cp-rup.com\/wp-content\/uploads\/2023\/03\/Amaro02.jpg\" height=\"400\" width=\"1170\" alt=\"\" class=\"slider-8472 slide-8473\" title=\"Amaro02\" \/><\/li>\n                <li style=\"display: none; width: 100%;\" class=\"slide-8474 ms-image\"><img loading=\"lazy\" decoding=\"async\" src=\"https:\/\/www.cp-rup.com\/wp-content\/uploads\/2023\/03\/Amaro04.jpg\" height=\"400\" width=\"1170\" alt=\"\" class=\"slider-8472 slide-8474\" title=\"Amaro04\" \/><\/li>\n                <li style=\"display: none; width: 100%;\" class=\"slide-8475 ms-image\"><img loading=\"lazy\" decoding=\"async\" src=\"https:\/\/www.cp-rup.com\/wp-content\/uploads\/2023\/03\/Amaro01.jpg\" height=\"400\" width=\"1170\" alt=\"\" class=\"slider-8472 slide-8475\" title=\"Amaro01\" \/><\/li>\n            <\/ul>\n        <\/div>\n        \n    <\/div>\n<\/div>\n","protected":false},"excerpt":{"rendered":"<p>A Comiss\u00e3o do Desenvolvimento Regional do Parlamento Europeu aprovou por unanimidade em 22 de Mar\u00e7o de 2023 o seu Relat\u00f3rio sobre a avalia\u00e7\u00e3o da nova Comunica\u00e7\u00e3o da Comiss\u00e3o Europeia sobre as Regi\u00f5es Ultraperif\u00e9ricas (2022\/2147(INI)). O relat\u00f3rio, apresentado por Alvaro AMARO MEP (PPE, Portugal), apoia a estrat\u00e9gia da Comiss\u00e3o Europeia para as regi\u00f5es ultraperif\u00e9ricas da UE [&hellip;]<\/p>\n","protected":false},"author":37,"featured_media":8461,"comment_status":"closed","ping_status":"closed","sticky":false,"template":"","format":"standard","meta":{"_acf_changed":false,"footnotes":"","_links_to":"","_links_to_target":""},"categories":[1],"tags":[],"class_list":["post-8464","post","type-post","status-publish","format-standard","has-post-thumbnail","hentry","category-sin-categoria"],"acf":[],"_links":{"self":[{"href":"https:\/\/www.cp-rup.com\/pt\/wp-json\/wp\/v2\/posts\/8464","targetHints":{"allow":["GET"]}}],"collection":[{"href":"https:\/\/www.cp-rup.com\/pt\/wp-json\/wp\/v2\/posts"}],"about":[{"href":"https:\/\/www.cp-rup.com\/pt\/wp-json\/wp\/v2\/types\/post"}],"author":[{"embeddable":true,"href":"https:\/\/www.cp-rup.com\/pt\/wp-json\/wp\/v2\/users\/37"}],"replies":[{"embeddable":true,"href":"https:\/\/www.cp-rup.com\/pt\/wp-json\/wp\/v2\/comments?post=8464"}],"version-history":[{"count":3,"href":"https:\/\/www.cp-rup.com\/pt\/wp-json\/wp\/v2\/posts\/8464\/revisions"}],"predecessor-version":[{"id":8652,"href":"https:\/\/www.cp-rup.com\/pt\/wp-json\/wp\/v2\/posts\/8464\/revisions\/8652"}],"wp:featuredmedia":[{"embeddable":true,"href":"https:\/\/www.cp-rup.com\/pt\/wp-json\/wp\/v2\/media\/8461"}],"wp:attachment":[{"href":"https:\/\/www.cp-rup.com\/pt\/wp-json\/wp\/v2\/media?parent=8464"}],"wp:term":[{"taxonomy":"category","embeddable":true,"href":"https:\/\/www.cp-rup.com\/pt\/wp-json\/wp\/v2\/categories?post=8464"},{"taxonomy":"post_tag","embeddable":true,"href":"https:\/\/www.cp-rup.com\/pt\/wp-json\/wp\/v2\/tags?post=8464"}],"curies":[{"name":"wp","href":"https:\/\/api.w.org\/{rel}","templated":true}]}}