{"id":8835,"date":"2023-09-22T11:39:50","date_gmt":"2023-09-22T11:39:50","guid":{"rendered":"https:\/\/cp-rup.com\/?p=8835"},"modified":"2023-09-22T11:39:50","modified_gmt":"2023-09-22T11:39:50","slug":"o-comite-de-acompanhamento-da-cprup-volta-a-reunir-se-em-bruxelas-sob-a-presidencia-canaria-das-rup","status":"publish","type":"post","link":"https:\/\/www.cp-rup.com\/pt\/o-comite-de-acompanhamento-da-cprup-volta-a-reunir-se-em-bruxelas-sob-a-presidencia-canaria-das-rup\/","title":{"rendered":"O Comit\u00e9 de Acompanhamento da CPRUP volta a reunir-se em Bruxelas sob a presid\u00eancia can\u00e1ria das RUP"},"content":{"rendered":"<p>Nos dias 20 e 21 de setembro, a Delega\u00e7\u00e3o do Governo das Can\u00e1rias em Bruxelas acolheu a reuni\u00e3o do Comit\u00e9 de Acompanhamento da Confer\u00eancia dos Presidentes das Regi\u00f5es Ultraperif\u00e9ricas (CPRUP). Esta \u00e9 a s\u00e9tima reuni\u00e3o realizada no \u00e2mbito da Presid\u00eancia can\u00e1ria das RUP e nela foram abordadas principalmente quest\u00f5es relacionadas com os eventos a realizar nos pr\u00f3ximos meses, tanto sob os ausp\u00edcios da Presid\u00eancia espanhola do Conselho da UE como no \u00e2mbito da coopera\u00e7\u00e3o t\u00e9cnica e pol\u00edtica tradicionalmente mantida pelas RUP, nomeadamente a organiza\u00e7\u00e3o da pr\u00f3xima Confer\u00eancia dos Presidentes das RUP, a realizar em 8 e 9 de novembro em Santa Cruz de Tenerife, nas Ilhas Can\u00e1rias.<br \/>\nO encontro constituiu tamb\u00e9m uma oportunidade para a realiza\u00e7\u00e3o de reuni\u00f5es bilaterais com a Unidade RUP da DG REGIO e com os Conselheiros das Representa\u00e7\u00f5es Permanentes junto da UE dos Estados-Membros de perten\u00e7a, de forma a assegurar um acompanhamento pr\u00f3ximo das quest\u00f5es que est\u00e3o a ser negociadas no seio das institui\u00e7\u00f5es europeias com particular repercuss\u00e3o nas RUP.<\/p>\n","protected":false},"excerpt":{"rendered":"<p>Nos dias 20 e 21 de setembro, a Delega\u00e7\u00e3o do Governo das Can\u00e1rias em Bruxelas acolheu a reuni\u00e3o do Comit\u00e9 de Acompanhamento da Confer\u00eancia dos Presidentes das Regi\u00f5es Ultraperif\u00e9ricas (CPRUP). Esta \u00e9 a s\u00e9tima reuni\u00e3o realizada no \u00e2mbito da Presid\u00eancia can\u00e1ria das RUP e nela foram abordadas principalmente quest\u00f5es relacionadas com os eventos a realizar [&hellip;]<\/p>\n","protected":false},"author":27,"featured_media":8837,"comment_status":"closed","ping_status":"closed","sticky":false,"template":"","format":"standard","meta":{"_acf_changed":false,"footnotes":"","_links_to":"","_links_to_target":""},"categories":[1],"tags":[],"class_list":["post-8835","post","type-post","status-publish","format-standard","has-post-thumbnail","hentry","category-sin-categoria"],"acf":[],"_links":{"self":[{"href":"https:\/\/www.cp-rup.com\/pt\/wp-json\/wp\/v2\/posts\/8835","targetHints":{"allow":["GET"]}}],"collection":[{"href":"https:\/\/www.cp-rup.com\/pt\/wp-json\/wp\/v2\/posts"}],"about":[{"href":"https:\/\/www.cp-rup.com\/pt\/wp-json\/wp\/v2\/types\/post"}],"author":[{"embeddable":true,"href":"https:\/\/www.cp-rup.com\/pt\/wp-json\/wp\/v2\/users\/27"}],"replies":[{"embeddable":true,"href":"https:\/\/www.cp-rup.com\/pt\/wp-json\/wp\/v2\/comments?post=8835"}],"version-history":[{"count":1,"href":"https:\/\/www.cp-rup.com\/pt\/wp-json\/wp\/v2\/posts\/8835\/revisions"}],"predecessor-version":[{"id":8836,"href":"https:\/\/www.cp-rup.com\/pt\/wp-json\/wp\/v2\/posts\/8835\/revisions\/8836"}],"wp:featuredmedia":[{"embeddable":true,"href":"https:\/\/www.cp-rup.com\/pt\/wp-json\/wp\/v2\/media\/8837"}],"wp:attachment":[{"href":"https:\/\/www.cp-rup.com\/pt\/wp-json\/wp\/v2\/media?parent=8835"}],"wp:term":[{"taxonomy":"category","embeddable":true,"href":"https:\/\/www.cp-rup.com\/pt\/wp-json\/wp\/v2\/categories?post=8835"},{"taxonomy":"post_tag","embeddable":true,"href":"https:\/\/www.cp-rup.com\/pt\/wp-json\/wp\/v2\/tags?post=8835"}],"curies":[{"name":"wp","href":"https:\/\/api.w.org\/{rel}","templated":true}]}}