{"id":9642,"date":"2024-02-16T05:32:50","date_gmt":"2024-02-16T05:32:50","guid":{"rendered":"https:\/\/cp-rup.com\/?p=9642"},"modified":"2024-02-16T05:32:50","modified_gmt":"2024-02-16T05:32:50","slug":"lancamento-do-convite-a-apresentacao-de-projetos-youth4outermostregions","status":"publish","type":"post","link":"https:\/\/www.cp-rup.com\/pt\/lancamento-do-convite-a-apresentacao-de-projetos-youth4outermostregions\/","title":{"rendered":"Lan\u00e7amento do convite \u00e0 apresenta\u00e7\u00e3o de projetos #YOUTH4OUTERMOSTREGIONS"},"content":{"rendered":"<p>No \u00e2mbito do projeto #YOUTH4OUTERMOSTREGIONS foram lan\u00e7ados dois convites \u00e0 apresenta\u00e7\u00e3o de projetos. Um destina-se a jovens entre os 15 e os 24 anos que residam legalmente numa das Regi\u00f5es Ultraperif\u00e9ricas (ou equipas de jovens). O outro, destina-se a associa\u00e7\u00f5es sem fins lucrativos ou a estabelecimentos de ensino.<\/p>\n<p>Trata-se de uma oportunidade in\u00e9dita de apoiar financeiramente cerca de 70 projetos com dura\u00e7\u00e3o de 6 ou 10 meses, com financiamentos que variam entre os 5.000 e os 10.000 euros. As a\u00e7\u00f5es propostas &#8211; sem tema pr\u00e9-definido &#8211; dever\u00e3o incentivar os jovens a assumirem um papel ativo nas suas comunidades locais e a desenvolverem solu\u00e7\u00f5es para melhorar a qualidade de vida dos cidad\u00e3os, nomeadamente a\u00e7\u00f5es que promovam a igualdade e a inclus\u00e3o.<\/p>\n<p>O prazo para apresenta\u00e7\u00e3o de candidaturas termina a 9 de maio de 2024.<\/p>\n<p>Para mais informa\u00e7\u00f5es, visite o website\u00a0: <a href=\"https:\/\/youth4outermostregions.eu\/pt-pt\/\">https:\/\/youth4outermostregions.eu\/pt-pt\/<\/a><\/p>\n","protected":false},"excerpt":{"rendered":"<p>No \u00e2mbito do projeto #YOUTH4OUTERMOSTREGIONS foram lan\u00e7ados dois convites \u00e0 apresenta\u00e7\u00e3o de projetos. Um destina-se a jovens entre os 15 e os 24 anos que residam legalmente numa das Regi\u00f5es Ultraperif\u00e9ricas (ou equipas de jovens). O outro, destina-se a associa\u00e7\u00f5es sem fins lucrativos ou a estabelecimentos de ensino. Trata-se de uma oportunidade in\u00e9dita de apoiar [&hellip;]<\/p>\n","protected":false},"author":36,"featured_media":9601,"comment_status":"closed","ping_status":"closed","sticky":false,"template":"","format":"standard","meta":{"_acf_changed":false,"footnotes":"","_links_to":"","_links_to_target":""},"categories":[1],"tags":[],"class_list":["post-9642","post","type-post","status-publish","format-standard","has-post-thumbnail","hentry","category-sin-categoria"],"acf":[],"_links":{"self":[{"href":"https:\/\/www.cp-rup.com\/pt\/wp-json\/wp\/v2\/posts\/9642","targetHints":{"allow":["GET"]}}],"collection":[{"href":"https:\/\/www.cp-rup.com\/pt\/wp-json\/wp\/v2\/posts"}],"about":[{"href":"https:\/\/www.cp-rup.com\/pt\/wp-json\/wp\/v2\/types\/post"}],"author":[{"embeddable":true,"href":"https:\/\/www.cp-rup.com\/pt\/wp-json\/wp\/v2\/users\/36"}],"replies":[{"embeddable":true,"href":"https:\/\/www.cp-rup.com\/pt\/wp-json\/wp\/v2\/comments?post=9642"}],"version-history":[{"count":1,"href":"https:\/\/www.cp-rup.com\/pt\/wp-json\/wp\/v2\/posts\/9642\/revisions"}],"predecessor-version":[{"id":9643,"href":"https:\/\/www.cp-rup.com\/pt\/wp-json\/wp\/v2\/posts\/9642\/revisions\/9643"}],"wp:featuredmedia":[{"embeddable":true,"href":"https:\/\/www.cp-rup.com\/pt\/wp-json\/wp\/v2\/media\/9601"}],"wp:attachment":[{"href":"https:\/\/www.cp-rup.com\/pt\/wp-json\/wp\/v2\/media?parent=9642"}],"wp:term":[{"taxonomy":"category","embeddable":true,"href":"https:\/\/www.cp-rup.com\/pt\/wp-json\/wp\/v2\/categories?post=9642"},{"taxonomy":"post_tag","embeddable":true,"href":"https:\/\/www.cp-rup.com\/pt\/wp-json\/wp\/v2\/tags?post=9642"}],"curies":[{"name":"wp","href":"https:\/\/api.w.org\/{rel}","templated":true}]}}