{"id":9782,"date":"2024-10-02T12:28:44","date_gmt":"2024-10-02T12:28:44","guid":{"rendered":"https:\/\/cp-rup.com\/?p=9782"},"modified":"2024-10-03T05:05:10","modified_gmt":"2024-10-03T05:05:10","slug":"a-conferencia-dos-presidentes-das-regioes-ultraperifericas-mobiliza-os-deputados-europeus-para-o-futuro-dos-seus-territorios","status":"publish","type":"post","link":"https:\/\/www.cp-rup.com\/pt\/a-conferencia-dos-presidentes-das-regioes-ultraperifericas-mobiliza-os-deputados-europeus-para-o-futuro-dos-seus-territorios\/","title":{"rendered":"A Confer\u00eancia dos Presidentes das Regi\u00f5es Ultraperif\u00e9ricas mobiliza os deputados europeus para o futuro dos seus territ\u00f3rios"},"content":{"rendered":"<p>A Confer\u00eancia dos Presidentes das Regi\u00f5es Ultraperif\u00e9ricas (CPRUP) levou a cabo uma importante iniciativa com vista \u00e0s pr\u00f3ximas audi\u00e7\u00f5es no Parlamento Europeu dos Comiss\u00e1rios Europeus propostos. Remeteu um documento estrat\u00e9gico, que abrange todas as quest\u00f5es de interesse para o futuro das Regi\u00f5es Ultraperif\u00e9ricas (RUP), aos 14 vice-presidentes do Parlamento Europeu, aos presidentes das diferentes comiss\u00f5es e a todos os deputados europeus das RUP.<\/p>\n<p><strong>Objetivo: \u00e9 sensibilizar os futuros comiss\u00e1rios para a realidade da ultraperiferia:<\/strong><\/p>\n<p>Esta iniciativa visa garantir que as especificidades e os desafios das RUP sejam plenamente tidos em conta aquando das audi\u00e7\u00f5es dos comiss\u00e1rios, que se realizar\u00e3o nas pr\u00f3ximas semanas. O documento, que inclui quest\u00f5es concretas aos futuros comiss\u00e1rios, sublinha os desafios \u00fanicos que as RUP enfrentam, bem como as oportunidades que representam para a Uni\u00e3o Europeia.<\/p>\n<p><strong>Quest\u00f5es cruciais para as RUP : <\/strong><\/p>\n<p>Entre os principais pontos abordados neste documento, que cont\u00e9m mais de cinquenta quest\u00f5es, contam-se os seguintes:<\/p>\n<ul>\n<li>A tomada em considera\u00e7\u00e3o sistem\u00e1tica do artigo 349.\u00ba do TFUE nos diferentes atos legislativos adotados pela Comiss\u00e3o Europeia;<\/li>\n<li>A manuten\u00e7\u00e3o de uma pol\u00edtica de coes\u00e3o forte para as RUP;<\/li>\n<li>A adapta\u00e7\u00e3o das pol\u00edticas europeias \u00e0s realidades destes territ\u00f3rios, particularmente nos dom\u00ednios da agricultura, pescas, transportes e energia;<\/li>\n<li>apoio ao desenvolvimento econ\u00f3mico e social sustent\u00e1vel destes territ\u00f3rios;<\/li>\n<li>A valoriza\u00e7\u00e3o dos ativos das RUP em dom\u00ednios como a biodiversidade, a economia azul e a coopera\u00e7\u00e3o regional.<\/li>\n<\/ul>\n<p><strong>Uma estrat\u00e9gia coordenada: <\/strong><\/p>\n<p>Esta iniciativa inscreve-se na continuidade dos esfor\u00e7os da Confer\u00eancia dos Presidentes das RUP para fazer ouvir a voz destas regi\u00f5es ao mais alto n\u00edvel das institui\u00e7\u00f5es europeias, apelando aos deputados europeus e aos futuros Comiss\u00e1rios para que tenham em conta estes elementos essenciais durante as suas audi\u00e7\u00f5es, a fim de garantir que a pr\u00f3xima Comiss\u00e3o Europeia integre plenamente os desafios das RUP no seu programa de trabalho para os pr\u00f3ximos 5 anos.<\/p>\n","protected":false},"excerpt":{"rendered":"<p>A Confer\u00eancia dos Presidentes das Regi\u00f5es Ultraperif\u00e9ricas (CPRUP) levou a cabo uma importante iniciativa com vista \u00e0s pr\u00f3ximas audi\u00e7\u00f5es no Parlamento Europeu dos Comiss\u00e1rios Europeus propostos. Remeteu um documento estrat\u00e9gico, que abrange todas as quest\u00f5es de interesse para o futuro das Regi\u00f5es Ultraperif\u00e9ricas (RUP), aos 14 vice-presidentes do Parlamento Europeu, aos presidentes das diferentes comiss\u00f5es [&hellip;]<\/p>\n","protected":false},"author":36,"featured_media":9787,"comment_status":"closed","ping_status":"closed","sticky":false,"template":"","format":"standard","meta":{"_acf_changed":false,"footnotes":"","_links_to":"","_links_to_target":""},"categories":[1],"tags":[],"class_list":["post-9782","post","type-post","status-publish","format-standard","has-post-thumbnail","hentry","category-sin-categoria"],"acf":[],"_links":{"self":[{"href":"https:\/\/www.cp-rup.com\/pt\/wp-json\/wp\/v2\/posts\/9782","targetHints":{"allow":["GET"]}}],"collection":[{"href":"https:\/\/www.cp-rup.com\/pt\/wp-json\/wp\/v2\/posts"}],"about":[{"href":"https:\/\/www.cp-rup.com\/pt\/wp-json\/wp\/v2\/types\/post"}],"author":[{"embeddable":true,"href":"https:\/\/www.cp-rup.com\/pt\/wp-json\/wp\/v2\/users\/36"}],"replies":[{"embeddable":true,"href":"https:\/\/www.cp-rup.com\/pt\/wp-json\/wp\/v2\/comments?post=9782"}],"version-history":[{"count":2,"href":"https:\/\/www.cp-rup.com\/pt\/wp-json\/wp\/v2\/posts\/9782\/revisions"}],"predecessor-version":[{"id":9788,"href":"https:\/\/www.cp-rup.com\/pt\/wp-json\/wp\/v2\/posts\/9782\/revisions\/9788"}],"wp:featuredmedia":[{"embeddable":true,"href":"https:\/\/www.cp-rup.com\/pt\/wp-json\/wp\/v2\/media\/9787"}],"wp:attachment":[{"href":"https:\/\/www.cp-rup.com\/pt\/wp-json\/wp\/v2\/media?parent=9782"}],"wp:term":[{"taxonomy":"category","embeddable":true,"href":"https:\/\/www.cp-rup.com\/pt\/wp-json\/wp\/v2\/categories?post=9782"},{"taxonomy":"post_tag","embeddable":true,"href":"https:\/\/www.cp-rup.com\/pt\/wp-json\/wp\/v2\/tags?post=9782"}],"curies":[{"name":"wp","href":"https:\/\/api.w.org\/{rel}","templated":true}]}}